{"id":1273,"date":"2013-08-21T12:11:20","date_gmt":"2013-08-21T10:11:20","guid":{"rendered":"http:\/\/www.mynirvana.it\/ilcircodelleparole\/?p=1273"},"modified":"2014-01-21T13:07:24","modified_gmt":"2014-01-21T11:07:24","slug":"az-agricola-la-rasenna-moss","status":"publish","type":"post","link":"http:\/\/www.mynirvana.it\/ilcircodelleparole\/index.php\/2013\/08\/21\/az-agricola-la-rasenna-moss\/","title":{"rendered":"Az. Agricola la Rasenna: Moss"},"content":{"rendered":"<p><a href=\"http:\/\/www.mynirvana.it\/ilcircodelleparole\/wp-content\/uploads\/2013\/08\/vino-bianco-moss-la-rasenna.jpg\"><img loading=\"lazy\" decoding=\"async\" class=\"aligncenter size-medium wp-image-1277\" alt=\"vino-bianco-moss-la-rasenna\" src=\"http:\/\/www.mynirvana.it\/ilcircodelleparole\/wp-content\/uploads\/2013\/08\/vino-bianco-moss-la-rasenna-300x300.jpg\" width=\"300\" height=\"300\" srcset=\"http:\/\/www.mynirvana.it\/ilcircodelleparole\/wp-content\/uploads\/2013\/08\/vino-bianco-moss-la-rasenna-300x300.jpg 300w, http:\/\/www.mynirvana.it\/ilcircodelleparole\/wp-content\/uploads\/2013\/08\/vino-bianco-moss-la-rasenna-150x150.jpg 150w, http:\/\/www.mynirvana.it\/ilcircodelleparole\/wp-content\/uploads\/2013\/08\/vino-bianco-moss-la-rasenna.jpg 600w\" sizes=\"(max-width: 300px) 100vw, 300px\" \/><\/a><\/p>\n<p>Estate, pesce&#8230;ci vuole il vino bianco. Sar\u00e0 stereotipo ma \u00e8 un ragionamento valido in assenza di migliori scuse quali supposti problemi esistenziali per bere vino.<\/p>\n<p>E&#8217; la volta del <strong>Moss<\/strong>, vino bianco, <strong>blend<\/strong>, come dicono quelli importanti, <strong>miscelato<\/strong>, come dicono i vespisti, di <strong>Sauvignon<\/strong> e <strong>Moscato<\/strong> <strong>bianco<\/strong>.<!--more--><\/p>\n<p>Senza darci troppo dentro con qualit\u00e0 e sentori vari che sono pi\u00f9 immaginari che effettivamente percepiti posso dire che il vino \u00e8 :<\/p>\n<ul>\n<li>bianco<\/li>\n<li>fruttato<\/li>\n<li>buono<\/li>\n<li>parecchio alcolico : 14\u00b0<\/li>\n<\/ul>\n<p><strong>Aggiungo che \u00e8 meglio, paradosso a mio avviso, consumarlo a temperatura ambiente piuttosto che freddo<\/strong>. Da freddo, cosa provata proprio ieri a cena, \u00e8 come se perdesse aroma e se mostrasse il carattere alcolico.<\/p>\n<p><strong>Costo<\/strong>: al ristorante 16 euro, segno che in enoteca o supermarket (dove non lo troverete nemmeno morti) potrebbe stare attorno agli 8\/10 euro.<\/p>\n<p>Che altro? ah si: salute !<\/p>\n<p>&nbsp;<\/p>\n<p>Massimo<\/p>\n<p>&nbsp;<\/p>\n<p>p.s. chiarissimi i sentori di battito di ali di farfalla che vola in cielo tempestoso di mezza estate !<\/p>\n","protected":false},"excerpt":{"rendered":"<p>Estate, pesce&#8230;ci vuole il vino bianco. Sar\u00e0 stereotipo ma \u00e8 un ragionamento valido in assenza di migliori scuse quali supposti problemi esistenziali per bere vino. E&#8217; la volta del Moss, vino bianco, blend, come dicono quelli importanti, miscelato, come dicono i vespisti, di Sauvignon e Moscato bianco.<\/p>\n","protected":false},"author":1,"featured_media":1275,"comment_status":"open","ping_status":"open","sticky":false,"template":"","format":"standard","meta":{"footnotes":""},"categories":[3],"tags":[751,10,754,919,918,752],"_links":{"self":[{"href":"http:\/\/www.mynirvana.it\/ilcircodelleparole\/index.php\/wp-json\/wp\/v2\/posts\/1273"}],"collection":[{"href":"http:\/\/www.mynirvana.it\/ilcircodelleparole\/index.php\/wp-json\/wp\/v2\/posts"}],"about":[{"href":"http:\/\/www.mynirvana.it\/ilcircodelleparole\/index.php\/wp-json\/wp\/v2\/types\/post"}],"author":[{"embeddable":true,"href":"http:\/\/www.mynirvana.it\/ilcircodelleparole\/index.php\/wp-json\/wp\/v2\/users\/1"}],"replies":[{"embeddable":true,"href":"http:\/\/www.mynirvana.it\/ilcircodelleparole\/index.php\/wp-json\/wp\/v2\/comments?post=1273"}],"version-history":[{"count":1,"href":"http:\/\/www.mynirvana.it\/ilcircodelleparole\/index.php\/wp-json\/wp\/v2\/posts\/1273\/revisions"}],"predecessor-version":[{"id":1278,"href":"http:\/\/www.mynirvana.it\/ilcircodelleparole\/index.php\/wp-json\/wp\/v2\/posts\/1273\/revisions\/1278"}],"wp:featuredmedia":[{"embeddable":true,"href":"http:\/\/www.mynirvana.it\/ilcircodelleparole\/index.php\/wp-json\/wp\/v2\/media\/1275"}],"wp:attachment":[{"href":"http:\/\/www.mynirvana.it\/ilcircodelleparole\/index.php\/wp-json\/wp\/v2\/media?parent=1273"}],"wp:term":[{"taxonomy":"category","embeddable":true,"href":"http:\/\/www.mynirvana.it\/ilcircodelleparole\/index.php\/wp-json\/wp\/v2\/categories?post=1273"},{"taxonomy":"post_tag","embeddable":true,"href":"http:\/\/www.mynirvana.it\/ilcircodelleparole\/index.php\/wp-json\/wp\/v2\/tags?post=1273"}],"curies":[{"name":"wp","href":"https:\/\/api.w.org\/{rel}","templated":true}]}}