{"id":205,"date":"2012-03-16T10:51:11","date_gmt":"2012-03-16T09:51:11","guid":{"rendered":"http:\/\/www.mynirvana.it\/ilcircodelleparole\/?p=205"},"modified":"2012-03-16T22:31:54","modified_gmt":"2012-03-16T21:31:54","slug":"i-bicchieri-del-caos","status":"publish","type":"post","link":"http:\/\/www.mynirvana.it\/ilcircodelleparole\/index.php\/2012\/03\/16\/i-bicchieri-del-caos\/","title":{"rendered":"I bicchieri del caos"},"content":{"rendered":"<p>&nbsp;<br \/>\n<iframe loading=\"lazy\" src=\"http:\/\/www.youtube.com\/embed\/kzXFq9pmO0Q\" frameborder=\"0\" width=\"560\" height=\"315\"><\/iframe><\/p>\n<p><strong>&#8220;allora, se lei guarda bene l&#8217;orologia, lei trover\u00e0 un segno che il tempo, i bicchieri nell&#8217;infinito, perch\u00e9 non stanno messi in ordine?<\/strong><\/p>\n<p><strong>Perch\u00e9 nel caoss ss , segno il\u00a0 tempo nell&#8217;infinito, nel caos&#8221;<\/strong><\/p>\n<p>Credo che il succo di tutto sia racchiuso in questa splendida frase.<\/p>\n<p><!--more--><\/p>\n<p>Credo che l&#8217;Italia stia prendendo una preoccupante deriva. La &#8220;giovane&#8221; imprenditoria che avanza direi&#8230;<\/p>\n<p>Stereotipi mai sopiti quali il prete, il cattolicesimo che tutto blocca e tutto domina, finti amici, il mangiare gratis, il posto di lavoro per sistemare i figli, storie di ordinaria e straordinaria umanit\u00e0 in senso lato.<\/p>\n<p>Alcuni consigli per la visione di questi <strong>preoccupantissimi<\/strong> 4 minuti circa.<\/p>\n<ul>\n<li>minuto 2,46, perch\u00e9 lo pseudo giornalista \u00e8 mescolato fra i clienti?<\/li>\n<\/ul>\n<ul>\n<li>oscar come miglior attore protagonista: il tipo con camicia grigio lucida visibile al minuto\u00a0 1.32<\/li>\n<\/ul>\n<ul>\n<li>oscar come attrice non protagonista: la panza del tipo\u00a0 di cui sopra<\/li>\n<\/ul>\n<p>&nbsp;<\/p>\n<p>Alcuni dei concetti cardine :<\/p>\n<ul>\n<li>le fiamme dello spirito santo (dovevo scriverlo maiuscolo? Mamma, scusa!) che &#8220;parlano i vangeli&#8221;<\/li>\n<li>le fiamme dei 10 comandamenti sul monte Sinai (non ricordavo &#8220;fosse accaduto&#8221; ma mi dicono sia cos\u00ec narrato in quel famoso libro di cui non ricordo mai il titolo&#8230;)<\/li>\n<\/ul>\n<p>&nbsp;<\/p>\n<p><strong>&#8220;Noi possiamo avere una ragione alla ragione soltanto se siamo fedeli in qualcosa: io dico Ges\u00f9 Cristo con l&#8217;infinito Padre Eterno&#8221;<\/strong> (stavolta son stato bravo con le maiuscole. Credo).<\/p>\n<p>Infine vorrei poneste la vostra attenzione di acuti lettori\u00a0 sulla domanda dell&#8217;anno, propria del giornalismo d&#8217;assalto:<\/p>\n<p>&#8220;che invito vuole fare ai giovani affinch\u00e9 vengano qui a prendere il ristoro?&#8221;<\/p>\n<p>&nbsp;<\/p>\n<p>Massimo<\/p>\n","protected":false},"excerpt":{"rendered":"<p>&nbsp; &#8220;allora, se lei guarda bene l&#8217;orologia, lei trover\u00e0 un segno che il tempo, i bicchieri nell&#8217;infinito, perch\u00e9 non stanno messi in ordine? Perch\u00e9 nel caoss ss , segno il\u00a0 tempo nell&#8217;infinito, nel caos&#8221; Credo che il succo di tutto sia racchiuso in questa splendida frase.<\/p>\n","protected":false},"author":1,"featured_media":0,"comment_status":"open","ping_status":"open","sticky":false,"template":"","format":"standard","meta":{"footnotes":""},"categories":[8],"tags":[107],"_links":{"self":[{"href":"http:\/\/www.mynirvana.it\/ilcircodelleparole\/index.php\/wp-json\/wp\/v2\/posts\/205"}],"collection":[{"href":"http:\/\/www.mynirvana.it\/ilcircodelleparole\/index.php\/wp-json\/wp\/v2\/posts"}],"about":[{"href":"http:\/\/www.mynirvana.it\/ilcircodelleparole\/index.php\/wp-json\/wp\/v2\/types\/post"}],"author":[{"embeddable":true,"href":"http:\/\/www.mynirvana.it\/ilcircodelleparole\/index.php\/wp-json\/wp\/v2\/users\/1"}],"replies":[{"embeddable":true,"href":"http:\/\/www.mynirvana.it\/ilcircodelleparole\/index.php\/wp-json\/wp\/v2\/comments?post=205"}],"version-history":[{"count":7,"href":"http:\/\/www.mynirvana.it\/ilcircodelleparole\/index.php\/wp-json\/wp\/v2\/posts\/205\/revisions"}],"predecessor-version":[{"id":335,"href":"http:\/\/www.mynirvana.it\/ilcircodelleparole\/index.php\/wp-json\/wp\/v2\/posts\/205\/revisions\/335"}],"wp:attachment":[{"href":"http:\/\/www.mynirvana.it\/ilcircodelleparole\/index.php\/wp-json\/wp\/v2\/media?parent=205"}],"wp:term":[{"taxonomy":"category","embeddable":true,"href":"http:\/\/www.mynirvana.it\/ilcircodelleparole\/index.php\/wp-json\/wp\/v2\/categories?post=205"},{"taxonomy":"post_tag","embeddable":true,"href":"http:\/\/www.mynirvana.it\/ilcircodelleparole\/index.php\/wp-json\/wp\/v2\/tags?post=205"}],"curies":[{"name":"wp","href":"https:\/\/api.w.org\/{rel}","templated":true}]}}