{"id":2434,"date":"2018-07-23T17:17:03","date_gmt":"2018-07-23T16:17:03","guid":{"rendered":"http:\/\/www.mynirvana.it\/ilcircodelleparole\/?p=2434"},"modified":"2020-03-05T13:28:39","modified_gmt":"2020-03-05T12:28:39","slug":"viaggi-la-teoria-della-grande-cacca","status":"publish","type":"post","link":"http:\/\/www.mynirvana.it\/ilcircodelleparole\/index.php\/2018\/07\/23\/viaggi-la-teoria-della-grande-cacca\/","title":{"rendered":"Viaggi: la teoria della grande cacca"},"content":{"rendered":"<p><a href=\"http:\/\/www.mynirvana.it\/ilcircodelleparole\/wp-content\/uploads\/2018\/07\/635926444221469047-1832658135_going-home.jpg\"><img loading=\"lazy\" decoding=\"async\" class=\"aligncenter size-medium wp-image-3159\" src=\"http:\/\/www.mynirvana.it\/ilcircodelleparole\/wp-content\/uploads\/2018\/07\/635926444221469047-1832658135_going-home-300x185.jpg\" alt=\"Back home\" width=\"300\" height=\"185\" srcset=\"http:\/\/www.mynirvana.it\/ilcircodelleparole\/wp-content\/uploads\/2018\/07\/635926444221469047-1832658135_going-home-300x185.jpg 300w, http:\/\/www.mynirvana.it\/ilcircodelleparole\/wp-content\/uploads\/2018\/07\/635926444221469047-1832658135_going-home.jpg 715w\" sizes=\"(max-width: 300px) 100vw, 300px\" \/><\/a><\/p>\n<p>C&#8217;\u00e8 un esatto momento in ognuno dei miei viaggi itineranti e ci penso proprio ora che dovrei organizzare a meglio il <strong>viaggio in Cina<\/strong>, ora che non ho tempo e che sto indietro e mi sento come quanto sei in cassa al supermarket e la cassiera \u00e8 molto pi\u00f9 veloce di te a passarti i prodotti mentre cerchi di imbustarli.<\/p>\n<p>Fra le tappe, nel bel mezzo del tutto,<strong> sono spesso sopraffatto dalla smania di andare<\/strong>, di allontanarmi e perdermi, scoprire, mangiare e camminare.<br \/>\n<strong>Poi tutto d&#8217;un tratto comincio a pensare al ritorno<\/strong> e questo accade soprattutto (che mi piace sempre come parola perch\u00e9 ha 4 T e mi ricordo pure la voce della maestra che mi rimarcava questo concetto)\u00a0 quando non ho neanche il biglietto di ritorno quindi 99% se viaggio in moto.<br \/>\nCos\u00ec mi ritrovo spesso a pensare a tornare ma la malattia mi avvelena ancora e combatto e sento che devo andare ancora e procedo cos\u00ec in un loop infinito.<!--more--><br \/>\n<strong>Poi c&#8217;\u00e8 un attimo, quell&#8217;attimo, quello della grande cacca.<\/strong><br \/>\nLa chiamo cos\u00ec perch\u00e9 \u00e8 una specie di sensazione interiore, un bisogno inspiegabile che prima non sentivo e che sento solo l\u00ec in quel momento, in quel posto, che percepisco come una grande liberazione che subito dopo mi far\u00e0 stare meglio, che mi dar\u00e0 benessere e rilassatezza nel corpo e nella mente, che mi far\u00e0 smettere si pensare a quel tarlo incessante che sentivo prima.<br \/>\n<strong>Un bisogno irrinunciabile, ecco perch\u00e9 il colorito paragone, per l&#8217;assoluto senso di liberazione e guarigione dalla malattia di andare, vedere.<\/strong><\/p>\n<p><strong> Quello \u00e8 il ritorno, quello \u00e8 il momento nel quale tutto \u00e8 maturo, tutto \u00e8 digerito appunto, metabolizzato.<\/strong><br \/>\nDa l\u00ec cominciano le grandi manovre di ritorno, i progetti al contrario, le tappe al rovescio, da l\u00ec comincia il rimuginare in senso positivo, l&#8217;assaporare certe situazioni che sembrano quelle che ti convincono ad accendere un sigaro dopo una grande grigliata.<br \/>\n<strong>In quel momento, solo in quello, sento lo zaino pieno, la testa soddisfatta, il cuore riempito<\/strong> e cos\u00ec, lento come un elefante, comincio a tornare, e prendo a sonnecchiare non svogliato ma consapevole, come riposassi dopo un grande lavoro, pensando che pi\u00f9 invecchio e pi\u00f9 \u00e8 vero che il ritorno da senso al viaggio, che paradossalmente il ritorno \u00e8 il momento pi\u00f9 bello del viaggio.<\/p>\n<p>Poi torno e mentre racconto tutto a mia madre e mi perdo fra le foto e tante parole entusiasmate gi\u00e0 sento che mi torna la febbre, quella malattia ed \u00e8 come se mi facesse tutto schifo, comprese quelle stesse foto, come se non bastasse, come se la malattia fosse tornata cos\u00ec forte e violenta da farmi traviare l&#8217;immagine, i ricordi.<br \/>\nAllora devo andare di nuovo per il parossismo rappresentato dall&#8217;idea di viaggio stessa.<br \/>\nDevo andare.<br \/>\nPoi vedremo dove.<\/p>\n","protected":false},"excerpt":{"rendered":"<p>C&#8217;\u00e8 un esatto momento in ognuno dei miei viaggi itineranti e ci penso proprio ora che dovrei organizzare a meglio il viaggio in Cina, ora che non ho tempo e che sto indietro e mi sento come quanto sei in cassa al supermarket e la cassiera \u00e8 molto pi\u00f9 veloce di te a passarti i [&hellip;]<\/p>\n","protected":false},"author":1,"featured_media":3159,"comment_status":"open","ping_status":"open","sticky":false,"template":"","format":"standard","meta":{"footnotes":""},"categories":[6,5],"tags":[1091,1934,10,1936,1432,1935,1431],"_links":{"self":[{"href":"http:\/\/www.mynirvana.it\/ilcircodelleparole\/index.php\/wp-json\/wp\/v2\/posts\/2434"}],"collection":[{"href":"http:\/\/www.mynirvana.it\/ilcircodelleparole\/index.php\/wp-json\/wp\/v2\/posts"}],"about":[{"href":"http:\/\/www.mynirvana.it\/ilcircodelleparole\/index.php\/wp-json\/wp\/v2\/types\/post"}],"author":[{"embeddable":true,"href":"http:\/\/www.mynirvana.it\/ilcircodelleparole\/index.php\/wp-json\/wp\/v2\/users\/1"}],"replies":[{"embeddable":true,"href":"http:\/\/www.mynirvana.it\/ilcircodelleparole\/index.php\/wp-json\/wp\/v2\/comments?post=2434"}],"version-history":[{"count":6,"href":"http:\/\/www.mynirvana.it\/ilcircodelleparole\/index.php\/wp-json\/wp\/v2\/posts\/2434\/revisions"}],"predecessor-version":[{"id":3552,"href":"http:\/\/www.mynirvana.it\/ilcircodelleparole\/index.php\/wp-json\/wp\/v2\/posts\/2434\/revisions\/3552"}],"wp:featuredmedia":[{"embeddable":true,"href":"http:\/\/www.mynirvana.it\/ilcircodelleparole\/index.php\/wp-json\/wp\/v2\/media\/3159"}],"wp:attachment":[{"href":"http:\/\/www.mynirvana.it\/ilcircodelleparole\/index.php\/wp-json\/wp\/v2\/media?parent=2434"}],"wp:term":[{"taxonomy":"category","embeddable":true,"href":"http:\/\/www.mynirvana.it\/ilcircodelleparole\/index.php\/wp-json\/wp\/v2\/categories?post=2434"},{"taxonomy":"post_tag","embeddable":true,"href":"http:\/\/www.mynirvana.it\/ilcircodelleparole\/index.php\/wp-json\/wp\/v2\/tags?post=2434"}],"curies":[{"name":"wp","href":"https:\/\/api.w.org\/{rel}","templated":true}]}}