{"id":2550,"date":"2015-01-21T13:45:46","date_gmt":"2015-01-21T12:45:46","guid":{"rendered":"http:\/\/www.mynirvana.it\/ilcircodelleparole\/?p=2550"},"modified":"2015-01-21T12:00:19","modified_gmt":"2015-01-21T11:00:19","slug":"le-zucche-vuote-le-giornate-da-meditazione-ed-i-raga-indiani","status":"publish","type":"post","link":"http:\/\/www.mynirvana.it\/ilcircodelleparole\/index.php\/2015\/01\/21\/le-zucche-vuote-le-giornate-da-meditazione-ed-i-raga-indiani\/","title":{"rendered":"Le zucche vuote, le giornate da meditazione ed i raga Indiani"},"content":{"rendered":"<p><a href=\"http:\/\/www.mynirvana.it\/ilcircodelleparole\/wp-content\/uploads\/2015\/01\/Ravi_1543483c.jpg\"><img loading=\"lazy\" decoding=\"async\" class=\"aligncenter  wp-image-2551\" src=\"http:\/\/www.mynirvana.it\/ilcircodelleparole\/wp-content\/uploads\/2015\/01\/Ravi_1543483c.jpg\" alt=\"Ravi Shankar\" width=\"417\" height=\"261\" srcset=\"http:\/\/www.mynirvana.it\/ilcircodelleparole\/wp-content\/uploads\/2015\/01\/Ravi_1543483c.jpg 460w, http:\/\/www.mynirvana.it\/ilcircodelleparole\/wp-content\/uploads\/2015\/01\/Ravi_1543483c-300x187.jpg 300w\" sizes=\"(max-width: 417px) 100vw, 417px\" \/><\/a><\/p>\n<p><strong>Stamattina penso alle zucche vuote<\/strong>, nel senso di teste vuote. Ci penso su perch\u00e9 come assistente\u00a0 coach sono nella bufera dopo che il mio capo si \u00e8 dimesso senza motivo, causa di polemiche di alcuni uomini molto piccoli e di persone che gli si dicono amiche, che lo chiamano riferendo questo o quello e che in realt\u00e0 perseguono il loro obiettivo di sentirsi approvati, migliorati dall&#8217;aver spiato frasi purtroppo, temo, a volte, male interpretate.<!--more--><\/p>\n<p><strong>Fatto sta che vittima degli eventi si \u00e8 dimesso, sacrificato da se stesso sull&#8217;altare di giocatori polemici e di altri amici che poi rovinano il gran lavoro che societ\u00e0 ed io stavamo facendo per ricucire lo strappo<\/strong>. Cos\u00ec, come ass. Coach sono nella bufera e devo decidere cosa fare a fronte per\u00f2 della rinnovata fiducia che la societ\u00e0 mi ha rimarcato stamattina per via telefonica.<\/p>\n<p><a href=\"http:\/\/www.mynirvana.it\/ilcircodelleparole\/wp-content\/uploads\/2015\/01\/sitar_parts.jpg\"><img loading=\"lazy\" decoding=\"async\" class=\"aligncenter  wp-image-2552\" src=\"http:\/\/www.mynirvana.it\/ilcircodelleparole\/wp-content\/uploads\/2015\/01\/sitar_parts.jpg\" alt=\"sitar and parts\" width=\"482\" height=\"370\" srcset=\"http:\/\/www.mynirvana.it\/ilcircodelleparole\/wp-content\/uploads\/2015\/01\/sitar_parts.jpg 787w, http:\/\/www.mynirvana.it\/ilcircodelleparole\/wp-content\/uploads\/2015\/01\/sitar_parts-300x230.jpg 300w\" sizes=\"(max-width: 482px) 100vw, 482px\" \/><\/a><\/p>\n<p>La zucca vuota mi fa pensare al <strong>Sitar<\/strong>, strumento indiano dal manico lungo; uno strumento che ha appunto la <strong>cassa armonica ricavata da met\u00e0 zucca vuota<\/strong>, ricoperta poi da una lamina di legno. uUno strumento a pi\u00f9 corde, alcune delle quali suonate per <strong>risonanza simpatica<\/strong> ossia per la capacit\u00e0 di vibrare, appunto, per riflesso delle onde sonore emesse delle altre. Gli indiani le chiamano le corde degli dei perch\u00e9 vibrano senza essere toccate.<br \/>\n<strong>Ed al sitar ci penso perch\u00e9 oggi occorre meditare e quando medito, prima di appuntamenti importanti ascolto sempre muscia indiana<\/strong>, che sia di sitar oppure delle tabla, i tamburi indiani.<br \/>\nSe si pensa al sitar non si pu\u00f2 non pensare a <strong>Ravi Shankar<\/strong>, scomparso purtroppo nel 2012, emblema supremo di questo strumento e degli <strong>infiniti raga indiani<\/strong>, i pezzi musicai che vanno anche oltre 30 minuti, da ascoltare sognando oppure rivivendo viaggi in India.<\/p>\n<p>Shankar che fu etichettato come il <strong>Godfather<\/strong>, il padrino, del sitar dal Beatle <strong>George Harrison<\/strong> e che \u00e8 padre di <strong>Norah Jones<\/strong>, forse ingiustificatamente pi\u00f9 famosa del geniale padre. Di certo ricorderete la Jones perch\u00e9 passata alla parte alta delle classifiche musicali ed alla fama per <strong>Sunrise<\/strong>, amabile canzone pop.<\/p>\n<p>Cos\u00ec medito, penso a zucche vuote, ascolto Ravi ed il suo sitar aspettando che passi la pioggia di Roma, la tempesta di basket e che, spese onerose a parte, torni ad avere la mia macchina ricoverata dal meccanico da prima di Natale scorso.<\/p>\n","protected":false},"excerpt":{"rendered":"<p>Stamattina penso alle zucche vuote, nel senso di teste vuote. Ci penso su perch\u00e9 come assistente\u00a0 coach sono nella bufera dopo che il mio capo si \u00e8 dimesso senza motivo, causa di polemiche di alcuni uomini molto piccoli e di persone che gli si dicono amiche, che lo chiamano riferendo questo o quello e che [&hellip;]<\/p>\n","protected":false},"author":1,"featured_media":2551,"comment_status":"open","ping_status":"open","sticky":false,"template":"","format":"standard","meta":{"footnotes":""},"categories":[1417],"tags":[1517,42,1521,1520,1518,1522,10,1515,1516,1519,1512,420,1514,1513],"_links":{"self":[{"href":"http:\/\/www.mynirvana.it\/ilcircodelleparole\/index.php\/wp-json\/wp\/v2\/posts\/2550"}],"collection":[{"href":"http:\/\/www.mynirvana.it\/ilcircodelleparole\/index.php\/wp-json\/wp\/v2\/posts"}],"about":[{"href":"http:\/\/www.mynirvana.it\/ilcircodelleparole\/index.php\/wp-json\/wp\/v2\/types\/post"}],"author":[{"embeddable":true,"href":"http:\/\/www.mynirvana.it\/ilcircodelleparole\/index.php\/wp-json\/wp\/v2\/users\/1"}],"replies":[{"embeddable":true,"href":"http:\/\/www.mynirvana.it\/ilcircodelleparole\/index.php\/wp-json\/wp\/v2\/comments?post=2550"}],"version-history":[{"count":2,"href":"http:\/\/www.mynirvana.it\/ilcircodelleparole\/index.php\/wp-json\/wp\/v2\/posts\/2550\/revisions"}],"predecessor-version":[{"id":2554,"href":"http:\/\/www.mynirvana.it\/ilcircodelleparole\/index.php\/wp-json\/wp\/v2\/posts\/2550\/revisions\/2554"}],"wp:featuredmedia":[{"embeddable":true,"href":"http:\/\/www.mynirvana.it\/ilcircodelleparole\/index.php\/wp-json\/wp\/v2\/media\/2551"}],"wp:attachment":[{"href":"http:\/\/www.mynirvana.it\/ilcircodelleparole\/index.php\/wp-json\/wp\/v2\/media?parent=2550"}],"wp:term":[{"taxonomy":"category","embeddable":true,"href":"http:\/\/www.mynirvana.it\/ilcircodelleparole\/index.php\/wp-json\/wp\/v2\/categories?post=2550"},{"taxonomy":"post_tag","embeddable":true,"href":"http:\/\/www.mynirvana.it\/ilcircodelleparole\/index.php\/wp-json\/wp\/v2\/tags?post=2550"}],"curies":[{"name":"wp","href":"https:\/\/api.w.org\/{rel}","templated":true}]}}