{"id":2801,"date":"2016-02-26T21:20:33","date_gmt":"2016-02-26T20:20:33","guid":{"rendered":"http:\/\/www.mynirvana.it\/ilcircodelleparole\/?p=2801"},"modified":"2016-02-26T18:19:16","modified_gmt":"2016-02-26T17:19:16","slug":"cruciverba","status":"publish","type":"post","link":"http:\/\/www.mynirvana.it\/ilcircodelleparole\/index.php\/2016\/02\/26\/cruciverba\/","title":{"rendered":"Cruciverba"},"content":{"rendered":"<div id=\":nr\" class=\"a3s\">\n<div><a href=\"http:\/\/www.mynirvana.it\/ilcircodelleparole\/wp-content\/uploads\/2016\/02\/cruciverba_Alambicco.jpg\"><img loading=\"lazy\" decoding=\"async\" class=\"aligncenter size-medium wp-image-2804\" src=\"http:\/\/www.mynirvana.it\/ilcircodelleparole\/wp-content\/uploads\/2016\/02\/cruciverba_Alambicco-300x171.jpg\" alt=\"cruciverba\" width=\"300\" height=\"171\" srcset=\"http:\/\/www.mynirvana.it\/ilcircodelleparole\/wp-content\/uploads\/2016\/02\/cruciverba_Alambicco-300x171.jpg 300w, http:\/\/www.mynirvana.it\/ilcircodelleparole\/wp-content\/uploads\/2016\/02\/cruciverba_Alambicco-1024x582.jpg 1024w, http:\/\/www.mynirvana.it\/ilcircodelleparole\/wp-content\/uploads\/2016\/02\/cruciverba_Alambicco-900x512.jpg 900w, http:\/\/www.mynirvana.it\/ilcircodelleparole\/wp-content\/uploads\/2016\/02\/cruciverba_Alambicco.jpg 1164w\" sizes=\"(max-width: 300px) 100vw, 300px\" \/><\/a><\/div>\n<div style=\"text-align: justify;\">Io non so perch\u00e9 ma stamattina <strong>il treno \u00e8 pieno di anziani<\/strong> che discutono fra loro completando cruciverba di varia lega. La differenza fra i settimanali, alcuni dei quali hanno copertine a colori sbiaditi gi\u00e0 in partenza mi trasmette quell&#8217;odiosa <strong>sindrome del comico che non fa ridere<\/strong> che sento chiarissima guardando tutti quelli che non sono <em>La settimana enigmistica<\/em>. &#8220;Inadeguatezza&#8221;.<\/div>\n<div style=\"text-align: justify;\">Cercano parole differenti da quelle comuni e certe volte ne discutono il significato. <em>&#8220;Desco, come posso spiegarti ?&#8221;.<\/em><\/div>\n<div style=\"text-align: justify;\">Hanno visi pi\u00f9 espressivi e riescono a comunicarmi a distanza disappunto<i>, <\/i>stupore ed approvazione <em>s<\/em>olo guardandomi, riferendosi a quei giovani seduti pi\u00f9 in l\u00e0. <strong>Cercano parole desuete ma saporite.<\/strong> <em>&#8220;Che significa desco&#8221;?<\/em> Chiede l&#8217;uomo del tutto incanutito ma distinto mentre dietro a lui qualcuna si lamenta della seduta opposta al senso di marcia.<\/div>\n<div style=\"text-align: justify;\"><em>&#8220;Vedi se c&#8217;entra&#8221;<\/em>, e lo dice facendo un gesto con le mani come per spiegare il significato della parole.<\/div>\n<div style=\"text-align: justify;\">\n<!--more--><\/p>\n<\/div>\n<div style=\"text-align: justify;\">Io invece leggo altre parole; leggo della morale laica del <strong>Dalai Lama<\/strong> e su quello che ne sar\u00e0 politicamente del <strong>Tibet <\/strong>dopo la sua morte e sto male dalla smania per non esserci ancora mai stato. Sento che devo affrettarmi.<\/div>\n<div style=\"text-align: justify;\">Penso che sia solo un altro venerd\u00ec e che sono come al solito molto stanco dall&#8217;accumulo di una settimana, da qualche paura, da qualche progetto come quello dell&#8217;album delle figurine dei musicisti famosi: un album completo di pagine di aneddoti, spiegazioni complete delle cause e delle dinamiche della loro morte. Penso che sono stanco ed innervosito dalla disattenzione che poi \u00e8 un indice di mancato rispetto, penso che certe cose siano fuori luogo e che non andrebbero n\u00e9 dette n\u00e9 tanto meno pensate, che siano forzate.<\/div>\n<div style=\"text-align: justify;\">Stasera allener\u00f2, domattina laver\u00f2 i piatti. Manger\u00f2 un po&#8217; sul treno poi e questo un po mi piace perch\u00e9 <em>&#8220;fa molto viaggio<\/em>&#8221; e mi ricorda del pad thai mangiato alla stazione sudicia in Thailandia, del <em>jungle train<\/em>, in Malesia e di tutta l&#8217;Asia che pare mancarmi ogni giorno.<\/div>\n<div style=\"text-align: justify;\"><strong>Adesso invece penso che mi piacerebbe<\/strong><strong> che la prossima parola che cercheranno per il loro cruciverba fosse appunto &#8220;<em>odeporico<\/em>&#8220;<\/strong>, ma qui al mio posto a sedere c&#8217;\u00e8 una presa di corrente che mi ricorda che sto scrivendo dal mio tablet e cos\u00ec penso che vorrei una parola diversa, tipo &#8220;<em>desueto<\/em>&#8220;, oppure &#8220;<em>atavico<\/em>&#8220;.<\/div>\n<div style=\"text-align: justify;\">Ma finisco col credere che qui attorno a me siano tutti un po &#8220;<em>reazionari<\/em>&#8221; e &#8220;<em>recalcitranti<\/em>&#8220;.<\/div>\n<div style=\"text-align: justify;\">Forse un pellegrinaggio? Dov&#8217;\u00e8 che vanno con i loro orologi da polso dal cinturino marrone, con i loro fazzoletti di stoffa, il loro essere puliti ed ordinati, cos\u00ec educati da invogliarti a guardarli?<\/div>\n<div style=\"text-align: justify;\"><strong>I loro telefoni cellulari con i quali avvertono i figli circa lo stato del viaggio sono il segnale di una evoluzione moderata, di una fedelt\u00e0 al loro essere<\/strong>.<\/div>\n<div style=\"text-align: justify;\">Alcuni sono vedovi e sono qui fra amici senza compromissioni di sorta n\u00e9 pensieri maliziosi. Sono qui attorno a me con nient&#8217;altro se non l&#8217;estrema bellezza ed il piacere di spendere tempo senza doverlo necessariamente misurare, sono qui con l&#8217;archetipo dell&#8217;idea di viaggiare anche se il tutto \u00e8 relegato in quel che possono relativamente alla loro condizione.<\/div>\n<div style=\"text-align: justify;\">Sono portato a credere arrivino a Roma per questioni legate alla religione ma questo \u00e8 riduttivo e prevedibile e mi fa sentire molto povero ed infelice: accade nell&#8217;attimo esatto in cui penso che magari qualcuno di loro, specie una donna, non so bene perch\u00e9, potrebbe essere una docente di storia dell&#8217;arte ormai in pensione e che tutti insieme faranno un giro per Roma, fra monumenti, citazioni, latinismi e scorci di vicoli un po sudici ma cos\u00ec assolati e beceri da poterli definire irrinunciabili.<\/div>\n<div style=\"text-align: justify;\"><\/div>\n<div style=\"text-align: justify;\">p.s.<\/div>\n<div style=\"text-align: justify;\">Tu lo capici Duke Ellington?<\/div>\n<\/div>\n<p>&nbsp;<\/p>\n","protected":false},"excerpt":{"rendered":"<p>Io non so perch\u00e9 ma stamattina il treno \u00e8 pieno di anziani che discutono fra loro completando cruciverba di varia lega. La differenza fra i settimanali, alcuni dei quali hanno copertine a colori sbiaditi gi\u00e0 in partenza mi trasmette quell&#8217;odiosa sindrome del comico che non fa ridere che sento chiarissima guardando tutti quelli che non [&hellip;]<\/p>\n","protected":false},"author":1,"featured_media":2804,"comment_status":"open","ping_status":"open","sticky":false,"template":"","format":"standard","meta":{"footnotes":""},"categories":[4,1177],"tags":[1701,1702,1508,1707,10,1706,1703,1704,26,1705,1700],"_links":{"self":[{"href":"http:\/\/www.mynirvana.it\/ilcircodelleparole\/index.php\/wp-json\/wp\/v2\/posts\/2801"}],"collection":[{"href":"http:\/\/www.mynirvana.it\/ilcircodelleparole\/index.php\/wp-json\/wp\/v2\/posts"}],"about":[{"href":"http:\/\/www.mynirvana.it\/ilcircodelleparole\/index.php\/wp-json\/wp\/v2\/types\/post"}],"author":[{"embeddable":true,"href":"http:\/\/www.mynirvana.it\/ilcircodelleparole\/index.php\/wp-json\/wp\/v2\/users\/1"}],"replies":[{"embeddable":true,"href":"http:\/\/www.mynirvana.it\/ilcircodelleparole\/index.php\/wp-json\/wp\/v2\/comments?post=2801"}],"version-history":[{"count":2,"href":"http:\/\/www.mynirvana.it\/ilcircodelleparole\/index.php\/wp-json\/wp\/v2\/posts\/2801\/revisions"}],"predecessor-version":[{"id":2805,"href":"http:\/\/www.mynirvana.it\/ilcircodelleparole\/index.php\/wp-json\/wp\/v2\/posts\/2801\/revisions\/2805"}],"wp:featuredmedia":[{"embeddable":true,"href":"http:\/\/www.mynirvana.it\/ilcircodelleparole\/index.php\/wp-json\/wp\/v2\/media\/2804"}],"wp:attachment":[{"href":"http:\/\/www.mynirvana.it\/ilcircodelleparole\/index.php\/wp-json\/wp\/v2\/media?parent=2801"}],"wp:term":[{"taxonomy":"category","embeddable":true,"href":"http:\/\/www.mynirvana.it\/ilcircodelleparole\/index.php\/wp-json\/wp\/v2\/categories?post=2801"},{"taxonomy":"post_tag","embeddable":true,"href":"http:\/\/www.mynirvana.it\/ilcircodelleparole\/index.php\/wp-json\/wp\/v2\/tags?post=2801"}],"curies":[{"name":"wp","href":"https:\/\/api.w.org\/{rel}","templated":true}]}}