{"id":2959,"date":"2016-12-21T16:01:51","date_gmt":"2016-12-21T15:01:51","guid":{"rendered":"http:\/\/www.mynirvana.it\/ilcircodelleparole\/?p=2959"},"modified":"2016-12-21T16:02:03","modified_gmt":"2016-12-21T15:02:03","slug":"ricordi-ad-una-piazza","status":"publish","type":"post","link":"http:\/\/www.mynirvana.it\/ilcircodelleparole\/index.php\/2016\/12\/21\/ricordi-ad-una-piazza\/","title":{"rendered":"Ricordi ad una piazza"},"content":{"rendered":"<p style=\"text-align: justify;\">Niente, non ce la faccio ancora. Non ho fatto ancora in tempo a districare le bozze, a mettere in fila ordinata parole e foto cos\u00ec da chiudere il quaderno odeporico del viaggio in Borneo.<\/p>\n<p><strong>Osservo la citt\u00e0 mentre l&#8217;alba non \u00e8 ancora arrivata<\/strong>, mentre le strade sono pi\u00f9 calme: il marted\u00ec parto da casa di mia madre mentre mezzo mondo ancora riposa.<br \/>\nTutto questo credo sia una sorta di regalo per lei: un solo turno di allenamenti da gestire, il luned\u00ec, la cena da lei rientrando infreddolito, quei sorrisi e qui piatti stracolmi preparati &#8220;<em>perch\u00e9 rientri stanco ed hai fame<\/em>&#8220;, i cruciverba da correggere come al solito, quattro chiacchiere semplici.<!--more--><\/p>\n<p style=\"text-align: justify;\"><strong>In tv girano notizie col sapore da 1914 fra omicidi di ambasciatori e guerre sante estrinsecate in attentati ai mercatini di Natale<\/strong>. Cos\u00ec mi sento come credo si sentirono le persone che vissero seppure a distanza <a href=\"https:\/\/it.wikipedia.org\/wiki\/Attentato_di_Sarajevo\" target=\"_blank\">la notizia dell&#8217;assassinio dell&#8217;arciduca Fracesco Ferdinando<\/a>.<\/p>\n<p><strong>Ho dormito male nel letto della mia cameretta<\/strong>. Una piazza sola non basta pi\u00f9 e mi rende irrequieto. Dormire l\u00ec mi ricorda quelle sere con le partite di calcio in TV, io e mio padre rastremati non so come su quello stesso letto che ora non basta nemmeno per me.\u00a0 Mi ricordo che ero felice che passassimo tempo insieme seppure in silenzio. Mi ricordo, ripensandoci ora, che quello mi bastava anche se subito dopo lui finiva per addormentarsi azzerando del tutto le interazioni.<br \/>\n<strong>Che stupidi eravamo a non dirci nulla, a non parlarci. N\u00e9 parole n\u00e9 gesti: fermi immobili nel nostro gesso da duri. <\/strong>Poi il tempo \u00e8 passato, le parole sono andate via per sempre e nessuno di noi due era pronto davvero.<\/p>\n<p style=\"text-align: justify;\">In camera sua c&#8217;\u00e8 ancora la radiolina sul comodino. Quando vado a salutare la sua foto spesso l&#8217;accendo per sentirla ancora gracchiare, cercando di suonare fra una stazione e l&#8217;altra.<br \/>\n<strong>Mi ricordo quando saliva in camera sua, dopo cena, e s&#8217;addormentava cos\u00ec, nel frastuono di quello che pareva un ronzio di mosche metalliche con sottofondo di comunicazioni radio di guerra.<\/strong> In realt\u00e0 era la radiocronaca della partita di calcio: il tempo era gi\u00e0 passato ed in tv non trasmettano gi\u00e0 pi\u00f9 partite di calcio che non fossero a pagamento. Io nel frattempo rincasavo pi\u00f9 tardi dalle uscite serali e s&#8217;era perso anche quel silenzio davanti alla TV, nel piccolo letto. s&#8217;era perso quel complicato concetto di insieme.<\/p>\n<p style=\"text-align: justify;\"><strong>Quella piccola radio funziona ancora oggi con le stesse batterie che anni fa ci mise lui dentro.<\/strong><\/p>\n<p style=\"text-align: justify;\">Io non so che cosa far\u00f2 quando andr\u00f2 ad accenderla e quella non s&#8217;accender\u00e0 pi\u00f9 lasciandomi capire che quelle pile, proprio quelle, saranno ormai scariche.<br \/>\nSar\u00e0 un segnale, un significato che non so capire ora, pensandoci in anticipo, n\u00e9 tanto meno sapr\u00e0 gestire al momento dovuto. Sar\u00e0 un ignoto, ancora uno.<br \/>\nSono andato a dormire con questo misto nella testa al quale s&#8217;\u00e8 aggiunta qualche inestricabile definizione del cruciverba di mia madre.<\/p>\n<p style=\"text-align: justify;\">Ho dormito male nel piccolo letto; ho stirato i muscoli della schiena sedendomi meglio, impettito, al volante delle piccola Yaris.<br \/>\nIntanto l&#8217;alba, sul g.r.a.<\/p>\n<p>\u00a0p.s. manca la foto che avevo scattato. Io poi non ce l&#8217;ho fatta pi\u00f9 a pubblicarla.<\/p>\n","protected":false},"excerpt":{"rendered":"<p>Niente, non ce la faccio ancora. Non ho fatto ancora in tempo a districare le bozze, a mettere in fila ordinata parole e foto cos\u00ec da chiudere il quaderno odeporico del viaggio in Borneo. Osservo la citt\u00e0 mentre l&#8217;alba non \u00e8 ancora arrivata, mentre le strade sono pi\u00f9 calme: il marted\u00ec parto da casa di [&hellip;]<\/p>\n","protected":false},"author":1,"featured_media":0,"comment_status":"open","ping_status":"open","sticky":false,"template":"","format":"standard","meta":{"footnotes":""},"categories":[1175,4],"tags":[1808,164,1050,10,43,1807,1462],"_links":{"self":[{"href":"http:\/\/www.mynirvana.it\/ilcircodelleparole\/index.php\/wp-json\/wp\/v2\/posts\/2959"}],"collection":[{"href":"http:\/\/www.mynirvana.it\/ilcircodelleparole\/index.php\/wp-json\/wp\/v2\/posts"}],"about":[{"href":"http:\/\/www.mynirvana.it\/ilcircodelleparole\/index.php\/wp-json\/wp\/v2\/types\/post"}],"author":[{"embeddable":true,"href":"http:\/\/www.mynirvana.it\/ilcircodelleparole\/index.php\/wp-json\/wp\/v2\/users\/1"}],"replies":[{"embeddable":true,"href":"http:\/\/www.mynirvana.it\/ilcircodelleparole\/index.php\/wp-json\/wp\/v2\/comments?post=2959"}],"version-history":[{"count":3,"href":"http:\/\/www.mynirvana.it\/ilcircodelleparole\/index.php\/wp-json\/wp\/v2\/posts\/2959\/revisions"}],"predecessor-version":[{"id":2962,"href":"http:\/\/www.mynirvana.it\/ilcircodelleparole\/index.php\/wp-json\/wp\/v2\/posts\/2959\/revisions\/2962"}],"wp:attachment":[{"href":"http:\/\/www.mynirvana.it\/ilcircodelleparole\/index.php\/wp-json\/wp\/v2\/media?parent=2959"}],"wp:term":[{"taxonomy":"category","embeddable":true,"href":"http:\/\/www.mynirvana.it\/ilcircodelleparole\/index.php\/wp-json\/wp\/v2\/categories?post=2959"},{"taxonomy":"post_tag","embeddable":true,"href":"http:\/\/www.mynirvana.it\/ilcircodelleparole\/index.php\/wp-json\/wp\/v2\/tags?post=2959"}],"curies":[{"name":"wp","href":"https:\/\/api.w.org\/{rel}","templated":true}]}}