{"id":3619,"date":"2020-06-04T08:55:10","date_gmt":"2020-06-04T07:55:10","guid":{"rendered":"http:\/\/www.mynirvana.it\/ilcircodelleparole\/?p=3619"},"modified":"2020-06-04T12:15:04","modified_gmt":"2020-06-04T11:15:04","slug":"io-non-voglio-vederti","status":"publish","type":"post","link":"http:\/\/www.mynirvana.it\/ilcircodelleparole\/index.php\/2020\/06\/04\/io-non-voglio-vederti\/","title":{"rendered":"Io non voglio vederti"},"content":{"rendered":"<p><a href=\"http:\/\/www.mynirvana.it\/ilcircodelleparole\/wp-content\/uploads\/2020\/06\/D343_25_026_0004_600.jpg\"><img loading=\"lazy\" decoding=\"async\" class=\"aligncenter size-medium wp-image-3622\" src=\"http:\/\/www.mynirvana.it\/ilcircodelleparole\/wp-content\/uploads\/2020\/06\/D343_25_026_0004_600-300x169.jpg\" alt=\"donna fuori fuoco\" width=\"300\" height=\"169\" srcset=\"http:\/\/www.mynirvana.it\/ilcircodelleparole\/wp-content\/uploads\/2020\/06\/D343_25_026_0004_600-300x169.jpg 300w, http:\/\/www.mynirvana.it\/ilcircodelleparole\/wp-content\/uploads\/2020\/06\/D343_25_026_0004_600.jpg 600w\" sizes=\"(max-width: 300px) 100vw, 300px\" \/><\/a><\/p>\n<p style=\"text-align: justify;\">Io non vorrei incontrati n\u00e9 parlarti mai pi\u00f9.<\/p>\n<p style=\"text-align: justify;\">Quando non ci sono tu sei un&#8217;immagine, quell&#8217;immagine: la foto di un istante, di una espressione, tu sei esattamente come ti vedo quando io ti penso avendo colto quelle espressioni, quei piccoli particolari che noto solo io.<\/p>\n<p style=\"text-align: justify;\">Quando non ci sono sei al riparo dalle mie parole, dalle reazioni che provocano, dall&#8217;idea che ti spunta sul viso quando diciamo certe parole che pronunciate diventano preziose per via di quella che pare essere la loro forma, a volte rotonda, a volte pi\u00f9 spigolosa ma comunque una forma da osservare.<br \/>\nIo non voglio vederti n\u00e9 parlarti perch\u00e9 tu sei una parola che va detta da sola e tutto d&#8217;un fiato, non in un discorso, altrimenti non \u00e8 pi\u00f9 se stessa e diventa corrotta dagli altri suoni.<!--more--><\/p>\n<p style=\"text-align: justify;\">Ecco perch\u00e9 quando non ci sono tu sei proprio tu, nell&#8217;essenza, nell&#8217;interezza di una persona; tu al di fuori dell&#8217;esperienza umana, dell&#8217;interazione e delle reazioni quindi.<br \/>\n<strong>E&#8217; un concetto complicato, un paradosso per il quale non voglio vederti n\u00e9 parlarti, proprio perch\u00e9 invece vorrei.<\/strong><\/p>\n<p style=\"text-align: justify;\">Qualcuno tempo fa mi ha spiegato che questa \u00e8 una proiezione, una idealizzazione, ma io non lo accetto in questa definizione perch\u00e9 ho in mente la forma del tuo viso, il suo esatto colore, la realt\u00e0, la posa esatta della tua testa mentre parli, certi gesti che fai mentre parli per esempio con qualcuno, qualcuno che non sia io per\u00f2, cos\u00ec che tu rimanga senza espressioni definite: te e basta.<\/p>\n<p style=\"text-align: justify;\">Ho pensato questo paradosso.<br \/>\nNon vorrei pi\u00f9 vederti n\u00e9 parlarti perch\u00e9 otterrei una foto mossa e non un&#8217;immagine nitida, uno scatto senza rumore.<\/p>\n<p style=\"text-align: justify;\">Cos\u00ec tu sei una parola, quella parola, secca, asciutta, da sola, tu sei un colore, esattamente quello: se provassi a definire un colore finirei per cercare un paragone e quindi quel colore non sarebbe pi\u00f9 se stesso ma qualcosa di simile a qualche altro. Che senso ha parlarne? Per capirlo puoi solo guardarlo e parlandone finirai per renderlo oggetto, non pi\u00f9 l&#8217;esatta idea di quel colore col suo tono.<\/p>\n<p style=\"text-align: justify;\">Ecco perch\u00e9 non voglio vederti n\u00e9 parlarti.<\/p>\n<p>&nbsp;<\/p>\n","protected":false},"excerpt":{"rendered":"<p>Io non vorrei incontrati n\u00e9 parlarti mai pi\u00f9. Quando non ci sono tu sei un&#8217;immagine, quell&#8217;immagine: la foto di un istante, di una espressione, tu sei esattamente come ti vedo quando io ti penso avendo colto quelle espressioni, quei piccoli particolari che noto solo io. Quando non ci sono sei al riparo dalle mie parole, [&hellip;]<\/p>\n","protected":false},"author":1,"featured_media":0,"comment_status":"open","ping_status":"open","sticky":false,"template":"","format":"standard","meta":{"footnotes":""},"categories":[17],"tags":[451,2295,53,10,2296,2293,2294],"_links":{"self":[{"href":"http:\/\/www.mynirvana.it\/ilcircodelleparole\/index.php\/wp-json\/wp\/v2\/posts\/3619"}],"collection":[{"href":"http:\/\/www.mynirvana.it\/ilcircodelleparole\/index.php\/wp-json\/wp\/v2\/posts"}],"about":[{"href":"http:\/\/www.mynirvana.it\/ilcircodelleparole\/index.php\/wp-json\/wp\/v2\/types\/post"}],"author":[{"embeddable":true,"href":"http:\/\/www.mynirvana.it\/ilcircodelleparole\/index.php\/wp-json\/wp\/v2\/users\/1"}],"replies":[{"embeddable":true,"href":"http:\/\/www.mynirvana.it\/ilcircodelleparole\/index.php\/wp-json\/wp\/v2\/comments?post=3619"}],"version-history":[{"count":5,"href":"http:\/\/www.mynirvana.it\/ilcircodelleparole\/index.php\/wp-json\/wp\/v2\/posts\/3619\/revisions"}],"predecessor-version":[{"id":3631,"href":"http:\/\/www.mynirvana.it\/ilcircodelleparole\/index.php\/wp-json\/wp\/v2\/posts\/3619\/revisions\/3631"}],"wp:attachment":[{"href":"http:\/\/www.mynirvana.it\/ilcircodelleparole\/index.php\/wp-json\/wp\/v2\/media?parent=3619"}],"wp:term":[{"taxonomy":"category","embeddable":true,"href":"http:\/\/www.mynirvana.it\/ilcircodelleparole\/index.php\/wp-json\/wp\/v2\/categories?post=3619"},{"taxonomy":"post_tag","embeddable":true,"href":"http:\/\/www.mynirvana.it\/ilcircodelleparole\/index.php\/wp-json\/wp\/v2\/tags?post=3619"}],"curies":[{"name":"wp","href":"https:\/\/api.w.org\/{rel}","templated":true}]}}