{"id":2040,"date":"2014-06-30T20:30:27","date_gmt":"2014-06-30T18:30:27","guid":{"rendered":"http:\/\/www.mynirvana.it\/ilcircodelleparole\/?p=2040"},"modified":"2014-07-01T19:34:17","modified_gmt":"2014-07-01T17:34:17","slug":"la-foto-padre-e-la-foto-figlio","status":"publish","type":"post","link":"https:\/\/www.mynirvana.it\/ilcircodelleparole\/index.php\/2014\/06\/30\/la-foto-padre-e-la-foto-figlio\/","title":{"rendered":"La foto padre e la foto figlio"},"content":{"rendered":"<p>&nbsp;<\/p>\n<p><a href=\"http:\/\/www.mynirvana.it\/ilcircodelleparole\/wp-content\/uploads\/2014\/06\/IMG_20140627_083117.jpg\"><img loading=\"lazy\" decoding=\"async\" class=\"aligncenter  wp-image-2041\" src=\"http:\/\/www.mynirvana.it\/ilcircodelleparole\/wp-content\/uploads\/2014\/06\/IMG_20140627_083117.jpg\" alt=\"IMG_20140627_083117\" width=\"423\" height=\"289\" srcset=\"https:\/\/www.mynirvana.it\/ilcircodelleparole\/wp-content\/uploads\/2014\/06\/IMG_20140627_083117.jpg 1753w, https:\/\/www.mynirvana.it\/ilcircodelleparole\/wp-content\/uploads\/2014\/06\/IMG_20140627_083117-300x205.jpg 300w, https:\/\/www.mynirvana.it\/ilcircodelleparole\/wp-content\/uploads\/2014\/06\/IMG_20140627_083117-1024x699.jpg 1024w, https:\/\/www.mynirvana.it\/ilcircodelleparole\/wp-content\/uploads\/2014\/06\/IMG_20140627_083117-900x615.jpg 900w\" sizes=\"(max-width: 423px) 100vw, 423px\" \/><\/a><\/p>\n<p style=\"text-align: justify;\"><strong>Questa, \u00e8 quella foto<\/strong>.<br \/>\nLa foto di mio padre della quale spesso ho parlato qui sul blog, l&#8217;originale dalla quale feci plastificare <strong>quella che portai con me nel viaggio a Caponord, il mio portafortuna per i viaggi in moto, stretta fra i documenti, custodita.<\/strong><\/p>\n<p style=\"text-align: justify;\"><strong>Prima di ogni partenza importante, ad ogni ritorno: io la rimiro.<\/strong><\/p>\n<p style=\"text-align: justify;\"><strong>E cos\u00ec quella foto, la copia plastificata, in realt\u00e0, \u00e8 vera, reale ed importante almeno quanto l&#8217;originale. <\/strong>E&#8217; come se ad oggi fossero due differenti originali. La differenza sta solo nel messaggio sul retro, e no, non \u00e8 poco.<br \/>\nLa foto padre, che conserva mia madre, gelosamente,\u00a0 e la foto figlio, che conservo io, pi\u00f9 gelosamente, forse.<!--more--><\/p>\n<p style=\"text-align: justify;\">Una foto di anni fa, sbiadita e scattata di fretta, spedita a casa, al tempo, <strong>con un messaggio sul retro<\/strong>, gesto in qualche maniera tenero, &#8220;di pancia&#8221;, di mio padre.<br \/>\n<strong>Un gesto di familiare di affetto di un ragazzo che ho conosciuto per i suoi stessi racconti, anni dopo<\/strong>. E mi interrogo sul tipo l\u00ec sul retro, poggiato al fuoristrada\u00a0 sullo sfondo, su qui giorni di mio padre ragazzo, sulle sue emozioni, paragonate alle mie, nei mesi del mio servizio di leva.<br \/>\n<strong>Mi chiedo cosa facesse, con chi, cosa pensasse o temesse<\/strong>.<br \/>\nSono certo, come me, stesse bene l\u00ec: dai suoi racconti emozionati traspariva sempre un ottimo ricordo di posti e persone, esperienze, giri in moto<br \/>\n<strong>Quello per lui fu un periodo casuale: per un errore di documenti fu costretto al servizio di leva<\/strong> nonostante fosse il quarto figlio maschio (al tempo vigeva questa regola) . <strong>Ancora una volta il caso ha regalato risvolti meravigliosi. Ancora una volta, il caso per lui, il caso per me:<\/strong> come fu per trovare l&#8217;attuale lavoro e per tante altre storie, importanti da star male, raccontate qui oppure no.<\/p>\n<p style=\"text-align: justify;\">Amicizie conservate, nostalgie dolcissime, esperienze da ritrovare nella vita che sarebbe poi venuta. Il servizio di leva di mio padre non \u00e8 poi cos\u00ec distante dal mio anche se io, per un caso avverso, stavolta, fin\u00ec per non guidare la moto che ad un certo punto avevano deciso di affidarmi.<\/p>\n<p style=\"text-align: justify;\">Moto che poi, per fortuna, ho guidato tanto e guido ancora, che guider\u00f2, se la vita non m&#8217;inganner\u00e0 ancora, se le finanze reggeranno. Tanti km, spero.<\/p>\n<p style=\"text-align: justify;\">Lui e quella\u00a0 giacca di pelle, il casco, la &#8220;somiglianza&#8221; con il film &#8220;il vigile&#8221;, di <strong>Alberto Sordi<\/strong>. Nel viso una soddisfazione, per essere bello, per piacersi, per sentirsi davvero lui. E&#8217; questo che ci vedo e che ancora vivo, per me, preparandomi, vestendomi di pelle dura per i miei giri del fine settimana.<strong> Quella voglia di andare e fare, viaggiare, col vento che frusciando ti mescola i pensieri.<br \/>\nCos\u00ec mio padre \u00e8 ancora quello, come io sono ancora questo anche se lui ha un profilo forse pi\u00f9 chiaro del mio, soprattutto nei ricordi della gente, <\/strong>negli aneddoti che ogni volta finiscono per meravigliarmi come quando da bambino, con gli occhi divaricati dallo stupore, ascoltavo le grandi favole.<\/p>\n<p style=\"text-align: justify;\"><strong>Le sue mani, quella posa nella quale, spesso, inconsapevolmente mi ritrovo<\/strong> o forse, diciamola tutta, spero di ritrovarmi pi\u00f9 simile che mai. <strong>Per assomigliargli ed essere migliore. Le sue mani, indurite dal lavoro, grosse e nodose, ruvide: eppure ricordo qualche carezza: poche, per colpa di entrambi, ne sono certo. Densa, ognuna, viva: le sento ancora.<\/strong><\/p>\n<p style=\"text-align: justify;\"><strong>Le sento, cos\u00ec come sento quella voce un po&#8217; roca<\/strong>, fatta di poche e decise parole, proverbi e detti romaneschi, battute pungenti, rimproveri taglienti.<\/p>\n<p style=\"text-align: justify;\">E quella moto? <strong>E&#8217; una Moto Guzzi Alce V<\/strong>, particolare per il doppio manubrio: uno per pilota, uno per il passeggero. Una moto che ho cercato e che avevo trovato,che volevo comperare anche se non sarebbe stata esattamente la sua ma solo una simile. Ah, se ci avessi pensato prima, che regalo gli avrei fatto !<br \/>\nForse la comprer\u00f2, chiss\u00e0 dove, chiss\u00e0 quando, o forse no, ormai che senso avrebbe?<\/p>\n<p style=\"text-align: justify;\"><strong>Il senso pi\u00f9 saporito, capace ancora di stordirmi, sta in quella foto, in quella che ho sempre avuto con me, per riuscire a tornare, con la fortuna che porta: per riuscire\u00a0 a tornare dai viaggi pi\u00f9 importanti, compreso quello della vita<\/strong>.<\/p>\n<p style=\"text-align: justify;\"><strong>Mi colpisce ancora quel suo viso consapevole e soddisfatto<\/strong>, fresco di et\u00e0, con tanta strada davanti: l<strong>a premura del suo scrivere a casa, dello sforzarsi ad un sentimentalismo non del tutto suo, od almeno non palesato. Mi colpisce quel &#8220;cedere la sua moto&#8221;, cos\u00ec come ha scritto, alla sua famiglia a chi per lui era,\u00e8, su tutto e tutti, pi\u00f9 importante.<\/strong><\/p>\n<p style=\"text-align: justify;\"><strong>Mio padre era un Gigante.<br \/>\nL&#8217;uomo che consegna i surgelati, l\u00ec nella nostra casa in campagna, un po&#8217; lontana da tutto, ha pianto.<br \/>\n<\/strong>Questo aneddoto \u00e8 la misura di quanto mio padre fosse, per tutti, &#8220;estranei&#8221; compresi, passanti, conoscenti, persone incontrate, colleghi, amici<strong>.<\/strong><\/p>\n<p>L&#8217;uomo dei surgelati, quella mattina, quando io e mia madre aprimmo il cancello e ci vide tornati a casa dopo mesi, chiese di mio padre.<br \/>\n<strong>&#8220;&#8230;e Sandro?&#8221;<\/strong><br \/>\n<strong>&#8220;E&#8217; morto, era la notte dell&#8217;11 Giugno&#8221;<\/strong><br \/>\nQuel pianto a dirotto mi riconcili\u00f2 in qualche modo con la vita<strong>, <\/strong>mi diede ancora di pi\u00f9 l&#8217;esatta misura della sua capacit\u00e0 di lasciare alle persone, anche con poche parole, quasi nessuna carezza<strong>.<br \/>\nQuel pianto a dirotto dell&#8217;uomo della consegna surgelati: anche quello riesco a vederci in questa &#8220;nostra foto&#8221;.<br \/>\n<\/strong><\/p>\n<p style=\"text-align: justify;\"><strong>Ecco perch\u00e9. Ecco perch\u00e9 mio padre era un Gigante.<\/strong><\/p>\n<p style=\"text-align: justify;\"><strong>P.S.<\/strong><br \/>\nHo una mia foto, vicino a quel modello di moto, ad una mostra di moto d&#8217;epoca di Milano. Una mia foto, imitando la sua stessa posa. E ne ho un&#8217;altra, della sola moto, scattata quest&#8217;anno alla fiera di Roma, nei giorni del Motodays: <strong>ma nessuna \u00e8 come la foto padre e la foto figlio<\/strong><\/p>\n<p>&nbsp;<\/p>\n<p><a href=\"http:\/\/www.mynirvana.it\/ilcircodelleparole\/wp-content\/uploads\/2014\/06\/IMG_20140627_0831061.jpg\"><img loading=\"lazy\" decoding=\"async\" class=\"aligncenter  wp-image-2043\" src=\"http:\/\/www.mynirvana.it\/ilcircodelleparole\/wp-content\/uploads\/2014\/06\/IMG_20140627_0831061.jpg\" alt=\"IMG_20140627_083106\" width=\"328\" height=\"491\" srcset=\"https:\/\/www.mynirvana.it\/ilcircodelleparole\/wp-content\/uploads\/2014\/06\/IMG_20140627_0831061.jpg 1150w, https:\/\/www.mynirvana.it\/ilcircodelleparole\/wp-content\/uploads\/2014\/06\/IMG_20140627_0831061-200x300.jpg 200w, https:\/\/www.mynirvana.it\/ilcircodelleparole\/wp-content\/uploads\/2014\/06\/IMG_20140627_0831061-684x1024.jpg 684w, https:\/\/www.mynirvana.it\/ilcircodelleparole\/wp-content\/uploads\/2014\/06\/IMG_20140627_0831061-900x1346.jpg 900w\" sizes=\"(max-width: 328px) 100vw, 328px\" \/><\/a><\/p>\n","protected":false},"excerpt":{"rendered":"<p>&nbsp; Questa, \u00e8 quella foto. La foto di mio padre della quale spesso ho parlato qui sul blog, l&#8217;originale dalla quale feci plastificare quella che portai con me nel viaggio a Caponord, il mio portafortuna per i viaggi in moto, stretta fra i documenti, custodita. Prima di ogni partenza importante, ad ogni ritorno: io la [&hellip;]<\/p>\n","protected":false},"author":1,"featured_media":2043,"comment_status":"open","ping_status":"open","sticky":false,"template":"","format":"standard","meta":{"footnotes":""},"categories":[4],"tags":[1238,1234,1237,10,43,1236,1235],"_links":{"self":[{"href":"https:\/\/www.mynirvana.it\/ilcircodelleparole\/index.php\/wp-json\/wp\/v2\/posts\/2040"}],"collection":[{"href":"https:\/\/www.mynirvana.it\/ilcircodelleparole\/index.php\/wp-json\/wp\/v2\/posts"}],"about":[{"href":"https:\/\/www.mynirvana.it\/ilcircodelleparole\/index.php\/wp-json\/wp\/v2\/types\/post"}],"author":[{"embeddable":true,"href":"https:\/\/www.mynirvana.it\/ilcircodelleparole\/index.php\/wp-json\/wp\/v2\/users\/1"}],"replies":[{"embeddable":true,"href":"https:\/\/www.mynirvana.it\/ilcircodelleparole\/index.php\/wp-json\/wp\/v2\/comments?post=2040"}],"version-history":[{"count":9,"href":"https:\/\/www.mynirvana.it\/ilcircodelleparole\/index.php\/wp-json\/wp\/v2\/posts\/2040\/revisions"}],"predecessor-version":[{"id":2057,"href":"https:\/\/www.mynirvana.it\/ilcircodelleparole\/index.php\/wp-json\/wp\/v2\/posts\/2040\/revisions\/2057"}],"wp:featuredmedia":[{"embeddable":true,"href":"https:\/\/www.mynirvana.it\/ilcircodelleparole\/index.php\/wp-json\/wp\/v2\/media\/2043"}],"wp:attachment":[{"href":"https:\/\/www.mynirvana.it\/ilcircodelleparole\/index.php\/wp-json\/wp\/v2\/media?parent=2040"}],"wp:term":[{"taxonomy":"category","embeddable":true,"href":"https:\/\/www.mynirvana.it\/ilcircodelleparole\/index.php\/wp-json\/wp\/v2\/categories?post=2040"},{"taxonomy":"post_tag","embeddable":true,"href":"https:\/\/www.mynirvana.it\/ilcircodelleparole\/index.php\/wp-json\/wp\/v2\/tags?post=2040"}],"curies":[{"name":"wp","href":"https:\/\/api.w.org\/{rel}","templated":true}]}}