{"id":2490,"date":"2014-11-15T18:09:56","date_gmt":"2014-11-15T17:09:56","guid":{"rendered":"http:\/\/www.mynirvana.it\/ilcircodelleparole\/?p=2490"},"modified":"2014-11-20T13:15:28","modified_gmt":"2014-11-20T12:15:28","slug":"quando-poi-alla-stazione","status":"publish","type":"post","link":"https:\/\/www.mynirvana.it\/ilcircodelleparole\/index.php\/2014\/11\/15\/quando-poi-alla-stazione\/","title":{"rendered":"Quando poi, alla stazione."},"content":{"rendered":"<p style=\"text-align: justify;\"><a href=\"http:\/\/www.mynirvana.it\/ilcircodelleparole\/wp-content\/uploads\/2014\/11\/P1040969.jpg\"><img loading=\"lazy\" decoding=\"async\" class=\"aligncenter  wp-image-2504\" src=\"http:\/\/www.mynirvana.it\/ilcircodelleparole\/wp-content\/uploads\/2014\/11\/P1040969.jpg\" alt=\"binari nebbia\" width=\"453\" height=\"255\" srcset=\"https:\/\/www.mynirvana.it\/ilcircodelleparole\/wp-content\/uploads\/2014\/11\/P1040969.jpg 1600w, https:\/\/www.mynirvana.it\/ilcircodelleparole\/wp-content\/uploads\/2014\/11\/P1040969-300x168.jpg 300w, https:\/\/www.mynirvana.it\/ilcircodelleparole\/wp-content\/uploads\/2014\/11\/P1040969-1024x576.jpg 1024w, https:\/\/www.mynirvana.it\/ilcircodelleparole\/wp-content\/uploads\/2014\/11\/P1040969-900x506.jpg 900w\" sizes=\"(max-width: 453px) 100vw, 453px\" \/><\/a><\/p>\n<p style=\"text-align: justify;\"><strong>Quando poi certi alberi magri se ne stanno intirizziti nella nebbia di prima mattina<\/strong> e quelle strade sono un po vuote con gli indirizzi snc che mi ricordano la via Emilia oppure certi posti dell&#8217;Olanda, allora si, mi sembra che tutto abbia un senso e che abbia un sapore pi\u00f9 semplice ed autentico.<\/p>\n<p style=\"text-align: justify;\"><strong>Ci penso in genere quando sono appena arrivato, quando i binari sono freddi, a prima sera, ed i pendolari rientrano a testa bassa un po&#8217; stanchi.<\/strong> Ci penso al meglio se fa quel freddo di inizio novembre, quando l&#8217;inverno \u00e8 ancora indeciso, quando scendendo dal treno sembra ci sia un&#8217;aria pi\u00f9 pulita e sottile: un freddo pi\u00f9 bello ed una strana soddisfazione allacciandosi la giacca fin su sotto il bavero.<br \/>\n<!--more--><\/p>\n<p style=\"text-align: justify;\">La stazione \u00e8 il posto degli abbracci spezzati, di quelli ritrovati, dei baci che poi non bastano mai e cos\u00ec ce ne vuole sempre un altro subito dopo il precedente.: <em>&#8220;ciao amore&#8221;.<\/em><br \/>\nQualche occhio lucidato, un saluto col suo dolore, anche se poi non sono saluti definitivi: <strong>la stazione condensa tutto, assorbe, nasconde e coccola ed io vivo l\u00ec, da l\u00ec in poi<\/strong> e mi fermo perfino a guardare quegli abbracci che non mi competono, che non sono i miei ma che vedo densi, emozionati e che quindi rimiro immaginando le loro storie.<\/p>\n<p style=\"text-align: justify;\"><strong>Mi piace, lo ammetto, quando si arriva al piazzale ed allora c&#8217;\u00e8 quel momento degli abbracci ritrovati, dei saluti &#8220;bentornati&#8221;, dei sorrisi pi\u00f9 larghi e delle buste o le valigie da mettere in macchina e poi andare casa.<\/strong><br \/>\nC&#8217;\u00e8 sempre qualcuno che va via solo, triste o trasognato , qualcuno che arriva da solo e nessuno che l&#8217;accoglie.<\/p>\n<p style=\"text-align: justify;\">Giorni fa ho visto un centro commerciale troppo grande che una volta costruito ha finito per risultare sempre vuoto e m&#8217;\u00e8 sembrato di vederci gli sforzi di una piccola provincia che voleva chiss\u00e0 perch\u00e9 diventare pi\u00f9 grande, che voleva poi sporcarsi senza nemmeno potersene rendere conto.<br \/>\nCos\u00ec quel centro adesso ha il parcheggio disabitato ed un po umido ed io sono felice di quella provincia e di quella bellezza che invece ci sono ancora, intatte. Felice di quel progetto di omologazione fallito, delle tradizioni e delle storie che ascolto alla stazione o che leggo nelle mani o nelle scarpe delle persone che parlottano qui sulla banchina.<br \/>\nForse, il fallimento, era quell&#8217;inutile progetto di &#8220;grande&#8221;.<\/p>\n<p style=\"text-align: justify;\">Mi piace la rabbia delle scritte sui muri, l&#8217;irriverenza dei giovani che pensano d&#8217;essere gi\u00e0 grandi, di quei ritratti brutti e sbilenchi l\u00ec sulle colonne della banchina: tipi che fumano, coperti da berretti di lana. <strong>Mi piace quel messaggio d&#8217;amore scritto a tappe, la sul muro del sottopassaggio: un messaggio che devi leggerlo via via, camminando. E mi chiedo se ora quei due siano insieme, che cos&#8217;\u00e8 avesse lui da farsi perdonare.<\/strong><\/p>\n<p style=\"text-align: justify;\">Certe volte il binario 3 \u00e8 un teatro e tutti ci esibiamo in qualche scena quotidiana, semplice e vera come una telefonata, un saluto oppure un abbraccio che poi sar\u00e0 sempre troppo corto.<br \/>\nC&#8217;\u00e8 un tipo con i <i><b>dreads<\/b><\/i> rasta e qualcuno con le vans alla moda, e li incontro spesso, ed in qualche modo ci si saluta, ci si capisce.<\/p>\n<p style=\"text-align: justify;\"><strong>Sulla strada ho visto fabbriche malinconiche e certa edilizia popolare che ti fa prendere freddo solo a guardarla<\/strong>.<br \/>\nMi hai spiegato che erano case degli operai d&#8217;una grossa azienda e allora mi sono perso a pensare,\u00a0mentre guidavi , alle storie di quelle famiglie e poi a quella della mia, a quel tipo che avevo visto rientrare con una cassa d&#8217;acqua e chiss\u00e0 perch\u00e9 mi aveva colpito.<br \/>\nMi sono perso immaginando di poter scrivere dei pomeriggi l\u00ec sotto a quel cortile, simile al mio di quando ero bambino.<\/p>\n<p style=\"text-align: justify;\"><strong>Poi ho visto la confusione dei murales scoloriti dal sole,\u00a0 arrivando qui a Roma, e mi sono sballato per le esalazioni dello smog, sballato come quella notte che avevi su la canottiera e che nel sapore di quel vino ci sentivo un sapore di te e me, di casa tua.<\/strong><\/p>\n<p style=\"text-align: justify;\">Ho pensato a quando poi, alla stazione, io arrivo e tu mi fai cenno con la mano ed io ti vedo con la coda dell&#8217;occhio. Allora tutto sembra a posto, riassunto, storicamente perfetto.<\/p>\n<p style=\"text-align: justify;\"><strong>E mi agitava adesso, quel pensiero di te, ancora.<\/strong><\/p>\n<p style=\"text-align: justify;\"><em>&#8220;E tu avevi i vestiti adatti per le tue guerre stellari&#8221;.<\/em><\/p>\n","protected":false},"excerpt":{"rendered":"<p>Quando poi certi alberi magri se ne stanno intirizziti nella nebbia di prima mattina e quelle strade sono un po vuote con gli indirizzi snc che mi ricordano la via Emilia oppure certi posti dell&#8217;Olanda, allora si, mi sembra che tutto abbia un senso e che abbia un sapore pi\u00f9 semplice ed autentico. Ci penso [&hellip;]<\/p>\n","protected":false},"author":1,"featured_media":2504,"comment_status":"open","ping_status":"open","sticky":false,"template":"","format":"standard","meta":{"footnotes":""},"categories":[17,4],"tags":[1480,1478,1153,1483,1284,10,1481,1482,1033,1479,648,1484],"_links":{"self":[{"href":"https:\/\/www.mynirvana.it\/ilcircodelleparole\/index.php\/wp-json\/wp\/v2\/posts\/2490"}],"collection":[{"href":"https:\/\/www.mynirvana.it\/ilcircodelleparole\/index.php\/wp-json\/wp\/v2\/posts"}],"about":[{"href":"https:\/\/www.mynirvana.it\/ilcircodelleparole\/index.php\/wp-json\/wp\/v2\/types\/post"}],"author":[{"embeddable":true,"href":"https:\/\/www.mynirvana.it\/ilcircodelleparole\/index.php\/wp-json\/wp\/v2\/users\/1"}],"replies":[{"embeddable":true,"href":"https:\/\/www.mynirvana.it\/ilcircodelleparole\/index.php\/wp-json\/wp\/v2\/comments?post=2490"}],"version-history":[{"count":10,"href":"https:\/\/www.mynirvana.it\/ilcircodelleparole\/index.php\/wp-json\/wp\/v2\/posts\/2490\/revisions"}],"predecessor-version":[{"id":2510,"href":"https:\/\/www.mynirvana.it\/ilcircodelleparole\/index.php\/wp-json\/wp\/v2\/posts\/2490\/revisions\/2510"}],"wp:featuredmedia":[{"embeddable":true,"href":"https:\/\/www.mynirvana.it\/ilcircodelleparole\/index.php\/wp-json\/wp\/v2\/media\/2504"}],"wp:attachment":[{"href":"https:\/\/www.mynirvana.it\/ilcircodelleparole\/index.php\/wp-json\/wp\/v2\/media?parent=2490"}],"wp:term":[{"taxonomy":"category","embeddable":true,"href":"https:\/\/www.mynirvana.it\/ilcircodelleparole\/index.php\/wp-json\/wp\/v2\/categories?post=2490"},{"taxonomy":"post_tag","embeddable":true,"href":"https:\/\/www.mynirvana.it\/ilcircodelleparole\/index.php\/wp-json\/wp\/v2\/tags?post=2490"}],"curies":[{"name":"wp","href":"https:\/\/api.w.org\/{rel}","templated":true}]}}