{"id":2535,"date":"2014-12-30T13:10:26","date_gmt":"2014-12-30T12:10:26","guid":{"rendered":"http:\/\/www.mynirvana.it\/ilcircodelleparole\/?p=2535"},"modified":"2014-12-30T11:26:56","modified_gmt":"2014-12-30T10:26:56","slug":"un-anno-poi-un-altro-bilanci-progetti-il-freddo-vero-ed-un-viaggio-lontano","status":"publish","type":"post","link":"https:\/\/www.mynirvana.it\/ilcircodelleparole\/index.php\/2014\/12\/30\/un-anno-poi-un-altro-bilanci-progetti-il-freddo-vero-ed-un-viaggio-lontano\/","title":{"rendered":"Un anno, poi un altro: bilanci, progetti, il freddo vero ed un viaggio lontano."},"content":{"rendered":"<p style=\"text-align: justify;\"><a href=\"http:\/\/www.mynirvana.it\/ilcircodelleparole\/wp-content\/uploads\/2014\/12\/260px-Annapurna_I.jpg\"><img loading=\"lazy\" decoding=\"async\" class=\"aligncenter  wp-image-2537\" src=\"http:\/\/www.mynirvana.it\/ilcircodelleparole\/wp-content\/uploads\/2014\/12\/260px-Annapurna_I.jpg\" alt=\"260px-Annapurna_I\" width=\"353\" height=\"240\" \/><\/a><\/p>\n<p style=\"text-align: justify;\"><strong>E cos\u00ec \u00e8 inverno, quello vero, col cielo pulito ed azzurro come la mia camicia che non trovo mai il tempo di stirare.<\/strong><br \/>\nNatale \u00e8 andato, capodanno, o meglio la fine del 2014, ci cadr\u00e0 addosso e non sapremo ancora accorgercene. Il freddo fa camminare in fretta le persone e le fa camminare chinate in avanti, senza un vero motivo, come se questo potesse poi riscaldarle.<br \/>\nSu web raccolte di foto e stupidi video dei social network: riassunti senza parole di un anno che chi l&#8217;ha vissuto s&#8217;affanna a dire che \u00e8 stato speciale. <strong>Tutta quest&#8217;ansia di dimostrare la felicit\u00e0 forse non \u00e8 altro che la dimostrazione che \u00e8 proprio quella a mancare.<\/strong>Fine anno, tempo di bilanci, ma conosco pi\u00f9 persone per le quali forse \u00e8 tempo di bilancia visto quello che hanno mangiato nei giorni scorsi.<\/p>\n<p style=\"text-align: justify;\"><strong>Ed io? Io &#8220;niente&#8221;, o forse tutto, che \u00e8 meglio e pi\u00f9 vero.<\/strong><br \/>\nDel 2014 non butto niente e mi tengo tutte le esperienze di vita vera che mi hanno portato a\u00a0 stamattina anche se da ieri sera mi sento di merda e se stamattina alzarmi dal letto \u00e8 stata dura.<!--more--><br \/>\nLa piccola Yaris ha nuovi problemi e cos\u00ec fra soldi spesi e delusioni non so se mi accompagner\u00e0 nel 2015: per ora mezzi pubblici e cos\u00ec tornando dal campo di basket, verso mezzanotte, malumore e preoccupazione spadroneggiano.<br \/>\n<strong>Ieri notte il freddo mi tagliava le orecchie e l&#8217;autobus giocava a ritardare come le donne pi\u00f9 belle. Sotto la doccia calda ho riassunto la mia giornata, un anno.<\/strong><br \/>\nAmmetto, stamattina mi sento svogliato ed un po di merda, detto cos\u00ec, per riassumere al meglio e rimanere in tema di bilanci che poi a me, poi, non quadrano mai.<\/p>\n<p style=\"text-align: justify;\">Ma ho un viaggio, nei prossimi giorni: <strong>Atene<\/strong>, la prima democrazia. <strong>Questo viaggio ha un senso speciale, un sapore particolare, il significato di un progetto importante, di un nuovo corso tutto da vivere, scoprire. Anche se a volte spaventa, come stamattina, e non so gestire.<\/strong> Come al solito, me ne render\u00f2 conto andando, facendo, scoprendo e parlando. Tornando.<br \/>\n<strong>Malinconia e nostalgia<\/strong>..ci avete mai pensato? Ecco, sono diverse. Io soffro di malinconia e di questo viaggio sono felice ed orgoglioso.<\/p>\n<p style=\"text-align: justify;\">E poi c&#8217;\u00e8 un idea, pi\u00f9 grande, ma solo se poi questa pi\u00f9 piccina funziona al meglio. <strong>Un viaggio, lontano, a casa di Dio.<\/strong><a href=\"http:\/\/www.mynirvana.it\/ilcircodelleparole\/wp-content\/uploads\/2014\/12\/Map_of_Nepal.png\"><img loading=\"lazy\" decoding=\"async\" class=\"alignleft  wp-image-2536\" src=\"http:\/\/www.mynirvana.it\/ilcircodelleparole\/wp-content\/uploads\/2014\/12\/Map_of_Nepal.png\" alt=\"Map_of_Nepal\" width=\"425\" height=\"217\" srcset=\"https:\/\/www.mynirvana.it\/ilcircodelleparole\/wp-content\/uploads\/2014\/12\/Map_of_Nepal.png 632w, https:\/\/www.mynirvana.it\/ilcircodelleparole\/wp-content\/uploads\/2014\/12\/Map_of_Nepal-300x153.png 300w\" sizes=\"(max-width: 425px) 100vw, 425px\" \/><\/a><br \/>\nPoche parole per un progetto pi\u00f9 grande ed ambizioso, per tutte le bozze che non ho finito di sistemare, per tutte le pagine che scriver\u00f2 nei prossimi mesi, anni, perch\u00e9 no?<br \/>\nPoche parole che non spiegano e forse nascondono un po&#8217; i mesi scorsi, che investono su quelli a venire. S<strong>cade un anno, ne comincia uno nuovo: io non penso ai bilanci, penso agl investimenti perch\u00e9 nell&#8217;economia vita sono gli investimenti quelli in cui credo.<\/strong><br \/>\nSi, non ho soldi eppure investo.<br \/>\n<strong>Un viaggio, lontano, riassunto qui sul blog in poche parole. Un viaggio a casa di Dio: <a href=\"https:\/\/it.wikipedia.org\/wiki\/Lumbini\" target=\"_blank\">Lumbini .<\/a><\/strong><\/p>\n<p style=\"text-align: justify;\"><a href=\"http:\/\/www.mynirvana.it\/ilcircodelleparole\/wp-content\/uploads\/2014\/12\/1024px-Birthplacebuddha.jpg\"><img loading=\"lazy\" decoding=\"async\" class=\"alignright  wp-image-2538\" src=\"http:\/\/www.mynirvana.it\/ilcircodelleparole\/wp-content\/uploads\/2014\/12\/1024px-Birthplacebuddha.jpg\" alt=\"1024px-Birthplacebuddha\" width=\"302\" height=\"302\" srcset=\"https:\/\/www.mynirvana.it\/ilcircodelleparole\/wp-content\/uploads\/2014\/12\/1024px-Birthplacebuddha.jpg 1024w, https:\/\/www.mynirvana.it\/ilcircodelleparole\/wp-content\/uploads\/2014\/12\/1024px-Birthplacebuddha-150x150.jpg 150w, https:\/\/www.mynirvana.it\/ilcircodelleparole\/wp-content\/uploads\/2014\/12\/1024px-Birthplacebuddha-300x300.jpg 300w, https:\/\/www.mynirvana.it\/ilcircodelleparole\/wp-content\/uploads\/2014\/12\/1024px-Birthplacebuddha-144x144.jpg 144w, https:\/\/www.mynirvana.it\/ilcircodelleparole\/wp-content\/uploads\/2014\/12\/1024px-Birthplacebuddha-900x900.jpg 900w\" sizes=\"(max-width: 302px) 100vw, 302px\" \/><\/a>Lumbini, la citt\u00e0 natale di <strong>Buddha<\/strong>.<br \/>\nVoglio andare a trovare Dio, in qualche modo, a casa sua: voglio scontrarmi con il massiccio dell&#8217; <strong>Annapurna<\/strong>, camminare per ore lass\u00f9.<br \/>\nNon so ancora se sar\u00e0 possibile e soprattutto fra quanti mesi ma l&#8217;idea del viaggio gi\u00e0 mi avvelena e risveglia quel tarantismo, quell&#8217;impossibile restare fermo.<\/p>\n<p style=\"text-align: justify;\"><strong>Ho un paio di guide sul mio comodino, un po di disordine interiore, qualche paura che trover\u00f2 il coraggio di raccontare, del lavoro da sbrigare, l&#8217;odore del caff\u00e8 su quella mie dita che stamattina hanno aperto la piccola macchina del caff\u00e8.<\/strong><br \/>\n<strong>Ho km da immaginare, informazioni da reperire, borse da preparare.<\/strong><\/p>\n<p style=\"text-align: justify;\">\n","protected":false},"excerpt":{"rendered":"<p>E cos\u00ec \u00e8 inverno, quello vero, col cielo pulito ed azzurro come la mia camicia che non trovo mai il tempo di stirare. Natale \u00e8 andato, capodanno, o meglio la fine del 2014, ci cadr\u00e0 addosso e non sapremo ancora accorgercene. Il freddo fa camminare in fretta le persone e le fa camminare chinate in [&hellip;]<\/p>\n","protected":false},"author":1,"featured_media":2537,"comment_status":"open","ping_status":"open","sticky":false,"template":"","format":"standard","meta":{"footnotes":""},"categories":[4,5],"tags":[1494,1500,1496,1470,1499,1495,1492,10,1497,1493,1150,1498],"_links":{"self":[{"href":"https:\/\/www.mynirvana.it\/ilcircodelleparole\/index.php\/wp-json\/wp\/v2\/posts\/2535"}],"collection":[{"href":"https:\/\/www.mynirvana.it\/ilcircodelleparole\/index.php\/wp-json\/wp\/v2\/posts"}],"about":[{"href":"https:\/\/www.mynirvana.it\/ilcircodelleparole\/index.php\/wp-json\/wp\/v2\/types\/post"}],"author":[{"embeddable":true,"href":"https:\/\/www.mynirvana.it\/ilcircodelleparole\/index.php\/wp-json\/wp\/v2\/users\/1"}],"replies":[{"embeddable":true,"href":"https:\/\/www.mynirvana.it\/ilcircodelleparole\/index.php\/wp-json\/wp\/v2\/comments?post=2535"}],"version-history":[{"count":2,"href":"https:\/\/www.mynirvana.it\/ilcircodelleparole\/index.php\/wp-json\/wp\/v2\/posts\/2535\/revisions"}],"predecessor-version":[{"id":2540,"href":"https:\/\/www.mynirvana.it\/ilcircodelleparole\/index.php\/wp-json\/wp\/v2\/posts\/2535\/revisions\/2540"}],"wp:featuredmedia":[{"embeddable":true,"href":"https:\/\/www.mynirvana.it\/ilcircodelleparole\/index.php\/wp-json\/wp\/v2\/media\/2537"}],"wp:attachment":[{"href":"https:\/\/www.mynirvana.it\/ilcircodelleparole\/index.php\/wp-json\/wp\/v2\/media?parent=2535"}],"wp:term":[{"taxonomy":"category","embeddable":true,"href":"https:\/\/www.mynirvana.it\/ilcircodelleparole\/index.php\/wp-json\/wp\/v2\/categories?post=2535"},{"taxonomy":"post_tag","embeddable":true,"href":"https:\/\/www.mynirvana.it\/ilcircodelleparole\/index.php\/wp-json\/wp\/v2\/tags?post=2535"}],"curies":[{"name":"wp","href":"https:\/\/api.w.org\/{rel}","templated":true}]}}