{"id":3787,"date":"2022-11-22T10:32:55","date_gmt":"2022-11-22T09:32:55","guid":{"rendered":"http:\/\/www.mynirvana.it\/ilcircodelleparole\/?p=3787"},"modified":"2023-12-07T22:30:44","modified_gmt":"2023-12-07T21:30:44","slug":"ma-piove-piove","status":"publish","type":"post","link":"https:\/\/www.mynirvana.it\/ilcircodelleparole\/index.php\/2022\/11\/22\/ma-piove-piove\/","title":{"rendered":"&#8220;Ma piove piove&#8221;"},"content":{"rendered":"<div id=\"attachment_3789\" style=\"width: 310px\" class=\"wp-caption aligncenter\"><a href=\"http:\/\/www.mynirvana.it\/ilcircodelleparole\/index.php\/2022\/11\/22\/ma-piove-piove\/piove-piove\/\" rel=\"attachment wp-att-3789\"><img loading=\"lazy\" decoding=\"async\" aria-describedby=\"caption-attachment-3789\" class=\"size-medium wp-image-3789\" src=\"http:\/\/www.mynirvana.it\/ilcircodelleparole\/wp-content\/uploads\/2022\/11\/piove-piove-300x169.jpg\" alt=\"\" width=\"300\" height=\"169\" srcset=\"https:\/\/www.mynirvana.it\/ilcircodelleparole\/wp-content\/uploads\/2022\/11\/piove-piove-300x169.jpg 300w, https:\/\/www.mynirvana.it\/ilcircodelleparole\/wp-content\/uploads\/2022\/11\/piove-piove-1024x576.jpg 1024w, https:\/\/www.mynirvana.it\/ilcircodelleparole\/wp-content\/uploads\/2022\/11\/piove-piove-768x432.jpg 768w, https:\/\/www.mynirvana.it\/ilcircodelleparole\/wp-content\/uploads\/2022\/11\/piove-piove.jpg 1152w\" sizes=\"(max-width: 300px) 100vw, 300px\" \/><\/a><p id=\"caption-attachment-3789\" class=\"wp-caption-text\">Foto da<br \/>https:\/\/venti-trenta.it<\/p><\/div>\n<p style=\"text-align: justify;\">Piove, \u00e8 bellissimo e delicato come l&#8217;odore delle bambine che al mattino saltano sul letto con i loro gridolini e sorrisi intimiditi. Spero sempre riconoscano il mio odore come io riconoscevo quello di mio padre, lo stesso odore che sentivo dalla sua camicia a maniche corte appesa all&#8217;ingresso. La luce della lampada sulla scrivania inquadra un disordine di progetti spezzati, altri messi in pausa, una valanga di carta da leggere e scrivere. Mentre picchio sui tasti penso all&#8217;autunno in Finlandia, alla pace di quei posti al silenzio, alla estrema vivibilit\u00e0 che qui, invece, pare non esistere pi\u00f9. Siamo accerchiati da stronzi saccenti cos\u00ec che ogni mattina sia faticoso uscire di casa; siamo avvelenati dal complesso di superiorit\u00e0 mescolato al rifiuto per il lavoro vero. <!--more--><\/p>\n<p style=\"text-align: justify;\">I pi\u00f9 raccontano storie, dicono di fare, annotano di aver fatto, ma nella pratica nulla \u00e8 accaduto, nulla si \u00e8 mosso. Ci pervade un senso di decadenza: questo paese non ha pi\u00f9 vita n\u00e9 reali progetti. Parlo spesso alle bambine della luna, dei pianeti, gioco a far loro promettere che un giorno andranno nello spazio, che studieranno come andare altrove, che mi porteranno con loro, che esploreranno, sapranno. Come gesto estremo di sopravvivenza sono state concepite e date alla luce durante una pandemia: che altro avrei potuto fare, ignorante e senza Dio, per guadare\u00a0al\u00a0futuro?<\/p>\n<p>&nbsp;<\/p>\n<p>P.s.<br \/>\nI pi\u00f9 grandi problemi, descritti a misura di bambino:<a href=\"https:\/\/venti-trenta.it\/\"> https:\/\/venti-trenta.it\/<\/a><\/p>\n","protected":false},"excerpt":{"rendered":"<p>Piove, \u00e8 bellissimo e delicato come l&#8217;odore delle bambine che al mattino saltano sul letto con i loro gridolini e sorrisi intimiditi. Spero sempre riconoscano il mio odore come io riconoscevo quello di mio padre, lo stesso odore che sentivo dalla sua camicia a maniche corte appesa all&#8217;ingresso. La luce della lampada sulla scrivania inquadra [&hellip;]<\/p>\n","protected":false},"author":1,"featured_media":0,"comment_status":"open","ping_status":"open","sticky":false,"template":"","format":"standard","meta":{"footnotes":""},"categories":[2543,4],"tags":[708,2426,2111,10,2237,2422,2423,2424,2425],"_links":{"self":[{"href":"https:\/\/www.mynirvana.it\/ilcircodelleparole\/index.php\/wp-json\/wp\/v2\/posts\/3787"}],"collection":[{"href":"https:\/\/www.mynirvana.it\/ilcircodelleparole\/index.php\/wp-json\/wp\/v2\/posts"}],"about":[{"href":"https:\/\/www.mynirvana.it\/ilcircodelleparole\/index.php\/wp-json\/wp\/v2\/types\/post"}],"author":[{"embeddable":true,"href":"https:\/\/www.mynirvana.it\/ilcircodelleparole\/index.php\/wp-json\/wp\/v2\/users\/1"}],"replies":[{"embeddable":true,"href":"https:\/\/www.mynirvana.it\/ilcircodelleparole\/index.php\/wp-json\/wp\/v2\/comments?post=3787"}],"version-history":[{"count":2,"href":"https:\/\/www.mynirvana.it\/ilcircodelleparole\/index.php\/wp-json\/wp\/v2\/posts\/3787\/revisions"}],"predecessor-version":[{"id":3791,"href":"https:\/\/www.mynirvana.it\/ilcircodelleparole\/index.php\/wp-json\/wp\/v2\/posts\/3787\/revisions\/3791"}],"wp:attachment":[{"href":"https:\/\/www.mynirvana.it\/ilcircodelleparole\/index.php\/wp-json\/wp\/v2\/media?parent=3787"}],"wp:term":[{"taxonomy":"category","embeddable":true,"href":"https:\/\/www.mynirvana.it\/ilcircodelleparole\/index.php\/wp-json\/wp\/v2\/categories?post=3787"},{"taxonomy":"post_tag","embeddable":true,"href":"https:\/\/www.mynirvana.it\/ilcircodelleparole\/index.php\/wp-json\/wp\/v2\/tags?post=3787"}],"curies":[{"name":"wp","href":"https:\/\/api.w.org\/{rel}","templated":true}]}}