{"id":3792,"date":"2022-11-28T17:49:54","date_gmt":"2022-11-28T16:49:54","guid":{"rendered":"http:\/\/www.mynirvana.it\/ilcircodelleparole\/?p=3792"},"modified":"2023-12-07T22:27:35","modified_gmt":"2023-12-07T21:27:35","slug":"se-vai-al-mare-chiamami","status":"publish","type":"post","link":"https:\/\/www.mynirvana.it\/ilcircodelleparole\/index.php\/2022\/11\/28\/se-vai-al-mare-chiamami\/","title":{"rendered":"Se vai al mare chiamami"},"content":{"rendered":"<p><a href=\"http:\/\/www.mynirvana.it\/ilcircodelleparole\/index.php\/2022\/11\/28\/se-vai-al-mare-chiamami\/index-16\/\" rel=\"attachment wp-att-3794\"><img loading=\"lazy\" decoding=\"async\" class=\"aligncenter size-full wp-image-3794\" src=\"http:\/\/www.mynirvana.it\/ilcircodelleparole\/wp-content\/uploads\/2022\/11\/index.jpeg\" alt=\"gloucester beach - Hopper\" width=\"279\" height=\"181\" \/><\/a><\/p>\n<p>&nbsp;<\/p>\n<p style=\"text-align: justify;\">Cos\u00ec arrivava l\u2019estate e con lei la noia vera dei giorni lontani da scuola, lontani dalla bellissima e vitale routine.<\/p>\n<p style=\"text-align: justify;\"><strong>Oggi capisco mio padre<\/strong>.<\/p>\n<p style=\"text-align: justify;\">Mi svegliava presto per partire ed io dalla sera prima ero un misto fra eccitato e rassegnato. Fare qualcosa con mio padre mi risvegliava dal torpore di quei giorni di niente, dalla canicola dell\u2019estate avanzata e Roma svuotata, dal cortile disabitato dalle grida degli altri bambini. Cos\u00ec con gli occhi a fessura salivo in macchina e parlavo poco fra sonno e certezza che mio padre avrebbe voluto parlare poco. Mare verso nord, Fregene, Ladispoli, per abitudine di mille anni prima, di mio padre da giovane.<\/p>\n<p style=\"text-align: justify;\">Per me il mare faceva il paio con una ciambella fritta, bella grossa quando ancora il bar era vuoto, il mare tranquillo, la spiaggia deserta. Parcheggiavamo lontano perch\u00e9 mio padre s\u2019era gi\u00e0 sforzato a portarmi l\u00ec, a fare km, a non dormire e cercar posto vicino al mare, girare, rigirare, no, non era il caso. <strong>Mi ricordo gli aghi di pino che pungevano dentro le ciabattine gi\u00e0 indossate con vergogna da casa<\/strong>, il tragitto sui marciapiedi dal posteggio in strada fino al bar per la ciambella; poi in spiaggia col fastidio della sabbia fra le dita.<!--more--><\/p>\n<p style=\"text-align: justify;\">Io mi ricordo solo una volta, in spiaggia tutti e 3, con mia madre col vestito a fiori,e le passeggiate per farmi contento, la pietra pomice e la loro spiegazione, le loro parole e le loro risa nel vedermi stupido sollevare una pietra cos\u00ec grande eppure cos\u00ec leggera.<\/p>\n<p style=\"text-align: justify;\"><strong>Io mi ricordo quella sdraia fatta di sottili tubolari di plastica che segnavano la pelle; mio padre dormiva a bocca aperta.\u00a0 &#8220;<em>Chiamami se vai al mare<\/em>&#8220;, mi diceva ogni volta. Ed io stavo seduto e pensavo, senza far niente.<\/strong><\/p>\n<p style=\"text-align: justify;\">Mi annoiavo, ma in posto diverso, ed aspettavo che passasse il tempo senza dire nulla, consapevole che almeno ero con mio padre anche se non stavo di fatto condividendo nulla se non il posto, se non sapevo nuotare, se poi mio padre appena svegliato mi accompagnava in acqua stando attento che i soldi e le sigarette nei suoi pantaloncini non si bagnassero.<br \/>\nMi sgridava dolcemente perch\u00e9 rimanevo senza far niente: ma non sapevo nuotare, ero da solo, non volevo disturbarlo e cos\u00ec me ne stavo li ad aspettare, capire, chiedermi. <strong>Mi spronava col suo modo duro e sbagliato, ridendo poco dopo, appianando tutto come le onde lisciavano la battigia.<\/strong><\/p>\n<p style=\"text-align: justify;\">Sento la sua mano nodosa che stringe la mia, non ho paura delle onde n\u00e9 mi lagno del freddo sulla pancia, saltello, lui ride, mi chiede cosa c\u2019\u00e8, mi dice come bagnarmi, usando le mani, come fare, mi insegna e mi sembrano grandi verit\u00e0. Ancora oggi entrando in acqua mi bagno allo stesso modo, mi sento ridere, sento la sua voce che ridendo mi chiede &#8220;<em>che c&#8217;\u00e8, eh?!?!?!<\/em>&#8220;. Non sapevo dirgli che ridevo perch\u00e9 ero felice, che gli volevo bene.<\/p>\n<p style=\"text-align: justify;\">Non ci muovevamo dal nostro posto, dal nostro ombrellone. Ci andavamo per dire che ci eravamo andati anche se poi non ci saremmo voluti andare.. io ci andavo per stare con lui, lui perch\u00e9 voleva mia madre, ma avrebbe preferito portarmi in giro per il quartiere, dal meccanico, alla piazza, non so, ma non li. <strong>Ci annullavamo per ore, ma insieme.<\/strong><\/p>\n<p style=\"text-align: justify;\">Poi al ritorno, in macchina, ancora silenzio; ma ero contento, avrei perfino raccontato di quelle giornate al mare.<\/p>\n<p style=\"text-align: justify;\">Oggi racconto del sonno di mio padre, di quei silenzio, di quel mare vuoto e silenzioso, di quegli odori e di quelle soddisfazioni, di quelle interminabili ore con lui che dormiva, sempre stanco; racconto di\u00a0 qualcuno che passava e sorrideva, del giornale sopra il suo petto.<\/p>\n<p style=\"text-align: justify;\">Adesso capisco mio padre, quel sonno nichilista, quell&#8217;oblio di qualche ora, quell\u2019annullamento consapevole, il voler far scorrere il tempo non per malessere o cattiveria ma per bisogno di isolarsi, di pensare, di annientare pensieri.<\/p>\n<p style=\"text-align: justify;\"><strong>Io adesso capisco mio padre ma non posso pi\u00f9 dirglielo.<\/strong><br \/>\nCi penso ora, sul divano, dormendo appena dopo cena, come faceva lui, mentre penso che voglio solo riposare, annientare qualche ora, allontanare qualche pensiero.\u00a0 Ma non lo dico, non so dirlo, non si spiegarlo. Non lo dico perch\u00e9 poi sarei accusato di cattiveria, insensibilit\u00e0, menefreghismo o chiss\u00e0 che altro. Io invece adesso capisco mio padre, quel suo voler dormire, quella scontentezza smorzata da quel sonno, da quel dolce sprecare le ore pur consapevole che poi al risveglio sarebbe tornato quello da cui si voleva sfuggire insoddisfatto, che fossero cose da fare o pensieri di lavoro, fatiche, che importa?<\/p>\n<p>Mio padre era felice ed orgoglioso: soltanto voleva starsene l\u00ec a dormire, a riposare, col suo sonno accumulato che pareva venisse da 100 anni prima. Non voleva essere altrove o con altri, non aveva un problema n\u00e9 una situazione da cui fuggire: era l&#8217;esatto opposto.<br \/>\nEra solo stanco, aveva deciso che non avrebbe parlato perch\u00e9 nessuno avrebbe capito, colpa anche sua, delle sue povere parole. Mio padre dormiva, annullava le ore.<\/p>\n<p>Io seduto nella sabbia mi chiedevo come potergli far capire che avevo capito, che con me poteva farlo, dormire, che sarei tornato a casa dicendo che ero stato bene, in ogni caso. Quel silenzio, quei pomeriggi sprecati, erano la mia maniera di accoglierlo e proteggerlo.<br \/>\nSolo sbagliai e non dirglielo mai.<\/p>\n","protected":false},"excerpt":{"rendered":"<p>&nbsp; Cos\u00ec arrivava l\u2019estate e con lei la noia vera dei giorni lontani da scuola, lontani dalla bellissima e vitale routine. Oggi capisco mio padre. Mi svegliava presto per partire ed io dalla sera prima ero un misto fra eccitato e rassegnato. Fare qualcosa con mio padre mi risvegliava dal torpore di quei giorni di [&hellip;]<\/p>\n","protected":false},"author":1,"featured_media":0,"comment_status":"open","ping_status":"open","sticky":false,"template":"","format":"standard","meta":{"footnotes":""},"categories":[2543,4],"tags":[2429,1728,2427,1729,2430,10,2428,565],"_links":{"self":[{"href":"https:\/\/www.mynirvana.it\/ilcircodelleparole\/index.php\/wp-json\/wp\/v2\/posts\/3792"}],"collection":[{"href":"https:\/\/www.mynirvana.it\/ilcircodelleparole\/index.php\/wp-json\/wp\/v2\/posts"}],"about":[{"href":"https:\/\/www.mynirvana.it\/ilcircodelleparole\/index.php\/wp-json\/wp\/v2\/types\/post"}],"author":[{"embeddable":true,"href":"https:\/\/www.mynirvana.it\/ilcircodelleparole\/index.php\/wp-json\/wp\/v2\/users\/1"}],"replies":[{"embeddable":true,"href":"https:\/\/www.mynirvana.it\/ilcircodelleparole\/index.php\/wp-json\/wp\/v2\/comments?post=3792"}],"version-history":[{"count":3,"href":"https:\/\/www.mynirvana.it\/ilcircodelleparole\/index.php\/wp-json\/wp\/v2\/posts\/3792\/revisions"}],"predecessor-version":[{"id":3796,"href":"https:\/\/www.mynirvana.it\/ilcircodelleparole\/index.php\/wp-json\/wp\/v2\/posts\/3792\/revisions\/3796"}],"wp:attachment":[{"href":"https:\/\/www.mynirvana.it\/ilcircodelleparole\/index.php\/wp-json\/wp\/v2\/media?parent=3792"}],"wp:term":[{"taxonomy":"category","embeddable":true,"href":"https:\/\/www.mynirvana.it\/ilcircodelleparole\/index.php\/wp-json\/wp\/v2\/categories?post=3792"},{"taxonomy":"post_tag","embeddable":true,"href":"https:\/\/www.mynirvana.it\/ilcircodelleparole\/index.php\/wp-json\/wp\/v2\/tags?post=3792"}],"curies":[{"name":"wp","href":"https:\/\/api.w.org\/{rel}","templated":true}]}}