{"id":4040,"date":"2026-03-16T13:27:39","date_gmt":"2026-03-16T12:27:39","guid":{"rendered":"https:\/\/www.mynirvana.it\/ilcircodelleparole\/?p=4040"},"modified":"2026-03-19T10:03:13","modified_gmt":"2026-03-19T09:03:13","slug":"farfalle","status":"publish","type":"post","link":"https:\/\/www.mynirvana.it\/ilcircodelleparole\/index.php\/2026\/03\/16\/farfalle\/","title":{"rendered":"Farfalle"},"content":{"rendered":"<div id=\"attachment_4041\" style=\"width: 310px\" class=\"wp-caption aligncenter\"><a href=\"https:\/\/www.mynirvana.it\/ilcircodelleparole\/index.php\/2026\/03\/16\/farfalle\/gemini_generated_image_fo90gsfo90gsfo90\/\" rel=\"attachment wp-att-4041\"><img loading=\"lazy\" decoding=\"async\" aria-describedby=\"caption-attachment-4041\" class=\"size-medium wp-image-4041\" src=\"http:\/\/www.mynirvana.it\/ilcircodelleparole\/wp-content\/uploads\/2026\/03\/Gemini_Generated_Image_fo90gsfo90gsfo90-300x164.png\" alt=\"\" width=\"300\" height=\"164\" srcset=\"https:\/\/www.mynirvana.it\/ilcircodelleparole\/wp-content\/uploads\/2026\/03\/Gemini_Generated_Image_fo90gsfo90gsfo90-300x164.png 300w, https:\/\/www.mynirvana.it\/ilcircodelleparole\/wp-content\/uploads\/2026\/03\/Gemini_Generated_Image_fo90gsfo90gsfo90-1024x559.png 1024w, https:\/\/www.mynirvana.it\/ilcircodelleparole\/wp-content\/uploads\/2026\/03\/Gemini_Generated_Image_fo90gsfo90gsfo90-768x419.png 768w, https:\/\/www.mynirvana.it\/ilcircodelleparole\/wp-content\/uploads\/2026\/03\/Gemini_Generated_Image_fo90gsfo90gsfo90.png 1408w\" sizes=\"(max-width: 300px) 100vw, 300px\" \/><\/a><p id=\"caption-attachment-4041\" class=\"wp-caption-text\">Camera da letto nella nostra casa a Roma, rielaborazione non fedelissima con I.A. (Gemini)<\/p><\/div>\n<p>&nbsp;<\/p>\n<p>Una notte mio padre sogn\u00f2 di essere una <strong>farfalla<\/strong>.<\/p>\n<p>Il sogno fu cos\u00ec intenso che al suo risveglio non ricordava bene se fosse un uomo oppure una farfalla.<\/p>\n<p>Poi si gir\u00f2, mi vide in piedi accanto al letto, sent\u00ec le mie sorelle litigare nell&#8217;altra stanza ed il rumore di mia madre in cucina per la colazione.<br \/>\nCredo pens\u00f2 alle bollette da pagare, alle settimane di lavoro alleviate solo dalla leggerezza delle mezze giornate libere nelle quali per\u00f2 sbrigare sempre qualcosa.<\/p>\n<p><strong>Allora si gir\u00f2, stese le ali e vol\u00f2 via.<\/strong><\/p>\n<p>&nbsp;<\/p>\n<p>&nbsp;<\/p>\n<p>Modifica del 19\/03\/26<br \/>\nBeatrice, commentando il suo disegno fatto per la festa del pap\u00e0: &#8220;<em>ti ho fatto anche le mani ma sembrano le ali di una farfalla<\/em>&#8221;<br \/>\nDentro, subito dopo, una scossa forte.<\/p>\n","protected":false},"excerpt":{"rendered":"<p>&nbsp; Una notte mio padre sogn\u00f2 di essere una farfalla. Il sogno fu cos\u00ec intenso che al suo risveglio non ricordava bene se fosse un uomo oppure una farfalla. Poi si gir\u00f2, mi vide in piedi accanto al letto, sent\u00ec le mie sorelle litigare nell&#8217;altra stanza ed il rumore di mia madre in cucina per [&hellip;]<\/p>\n","protected":false},"author":1,"featured_media":0,"comment_status":"open","ping_status":"open","sticky":false,"template":"","format":"standard","meta":{"footnotes":""},"categories":[2543,4],"tags":[2587,2547,10,581],"_links":{"self":[{"href":"https:\/\/www.mynirvana.it\/ilcircodelleparole\/index.php\/wp-json\/wp\/v2\/posts\/4040"}],"collection":[{"href":"https:\/\/www.mynirvana.it\/ilcircodelleparole\/index.php\/wp-json\/wp\/v2\/posts"}],"about":[{"href":"https:\/\/www.mynirvana.it\/ilcircodelleparole\/index.php\/wp-json\/wp\/v2\/types\/post"}],"author":[{"embeddable":true,"href":"https:\/\/www.mynirvana.it\/ilcircodelleparole\/index.php\/wp-json\/wp\/v2\/users\/1"}],"replies":[{"embeddable":true,"href":"https:\/\/www.mynirvana.it\/ilcircodelleparole\/index.php\/wp-json\/wp\/v2\/comments?post=4040"}],"version-history":[{"count":5,"href":"https:\/\/www.mynirvana.it\/ilcircodelleparole\/index.php\/wp-json\/wp\/v2\/posts\/4040\/revisions"}],"predecessor-version":[{"id":4050,"href":"https:\/\/www.mynirvana.it\/ilcircodelleparole\/index.php\/wp-json\/wp\/v2\/posts\/4040\/revisions\/4050"}],"wp:attachment":[{"href":"https:\/\/www.mynirvana.it\/ilcircodelleparole\/index.php\/wp-json\/wp\/v2\/media?parent=4040"}],"wp:term":[{"taxonomy":"category","embeddable":true,"href":"https:\/\/www.mynirvana.it\/ilcircodelleparole\/index.php\/wp-json\/wp\/v2\/categories?post=4040"},{"taxonomy":"post_tag","embeddable":true,"href":"https:\/\/www.mynirvana.it\/ilcircodelleparole\/index.php\/wp-json\/wp\/v2\/tags?post=4040"}],"curies":[{"name":"wp","href":"https:\/\/api.w.org\/{rel}","templated":true}]}}